{"id":27346,"date":"2021-07-22T17:34:57","date_gmt":"2021-07-22T20:34:57","guid":{"rendered":"http:\/\/www.centraldenoticias.com.ar\/?p=27346"},"modified":"2021-07-22T20:11:23","modified_gmt":"2021-07-22T23:11:23","slug":"bioparque-la-maxima-hay-que-entender-que-los-animales-no-entretienen","status":"publish","type":"post","link":"https:\/\/cdnoticias.com\/index.php\/2021\/07\/22\/bioparque-la-maxima-hay-que-entender-que-los-animales-no-entretienen\/","title":{"rendered":"Bioparque \u201cLa M\u00e1xima\u201d: \u201cHay que entender que los animales no entretienen\u201d"},"content":{"rendered":"<p>As\u00ed lo expres\u00f3 el director del espacio Flavio Maldonado. Habl\u00f3 del objetivo de orientar el Parque hacia la conservaci\u00f3n y reproducci\u00f3n de especies aut\u00f3ctonas.<\/p>\n<p><!--more--><\/p>\n<hr \/>\n<p>Hace poco m\u00e1s de un mes, el Bioparque Municipal \u201cLa M\u00e1xima\u201d reabri\u00f3 las puertas al p\u00fablico y quienes lo visitan se encuentran con un espacio que desde 2016 lleva adelante un proyecto de reordenamiento faun\u00edstico, en funci\u00f3n de los Programas de Conservaci\u00f3n que se impulsan desde el lugar. <strong>El objetivo es orientar al Parque hacia la conservaci\u00f3n y reproducci\u00f3n de especies aut\u00f3ctonas, que est\u00e9n incluidas en programas nacionales.<\/strong><\/p>\n<p>&nbsp;<\/p>\n<p><em>\u201cEn funci\u00f3n de ese reordenamiento hemos hecho una reducci\u00f3n de especies ex\u00f3ticas, dejamos de tener otras y apostamos a los programas de conservaci\u00f3n. Quienes nos visitan se encuentran con un parque que se adecua a los cambios de paradigma que estamos viviendo en este tiempo: <strong>hay que entender que los animales no entretienen<\/strong>\u201d<\/em>, sostuvo el director de La M\u00e1xima Flavio Maldonado.<\/p>\n<p>&nbsp;<\/p>\n<p>Asimismo indic\u00f3 que<em> \u201cla mayor parte de los animales est\u00e1n en un Bioparque con la finalidad de <strong>reproducci\u00f3n y restauraci\u00f3n de poblaciones naturales<\/strong>, tambi\u00e9n de educaci\u00f3n ambiental cuando son animales que por alg\u00fan motivo no pueden ser reintegrados a un ambiente natural. La idea es siempre brindarles la oportunidad de volver a estar en su ambiente natural\u201d.<\/em><\/p>\n<p>&nbsp;<\/p>\n<p>En particular, se refiri\u00f3 a los <strong>Monos Caray\u00e1,<\/strong> ya que los vecinos que visitan el lugar consultan por su ausencia: <em>\u201cal profundizar el cambio que nosotros impulsamos en el Bioparque, <strong>buscamos reubicar a los monos en programas de conservaci\u00f3n.<\/strong> Hicimos contacto con diferentes instituciones para darles la mejor calidad de vida. En paralelo, tuvimos la posibilidad de ampliar nuestro Programa de Conservaci\u00f3n de Guacamayos Rojos: pasamos de tener dos parejas reproductivas a cuatro. Aumentarlo en un 100% implicaba necesariamente reorganizar los ambientes del Bioparque\u201d.<\/em><\/p>\n<blockquote><p>&nbsp;<\/p>\n<p>\u201cFue as\u00ed que, luego de consultar con Fauna de Provincia, las autoridades pertinentes y diferentes Bioparques de la Argentina, acordamos trasladar a los monos a otro Bioparque que cumpl\u00eda con las medidas de bienestar animal que tenemos nosotros\u201d, asegur\u00f3.<\/p>\n<p>&nbsp;<\/p><\/blockquote>\n<p>En este sentido, Maldonado indic\u00f3 que <strong>en el espacio en el que estaban los monos hoy se encuentran los guacamayos rojos:<\/strong><em> \u201cnos llev\u00f3 tiempo acostumbrarnos a eso. Hoy que el parque est\u00e1 abierto al p\u00fablico, la gente se encuentra con un cambio de una especie emblem\u00e1tica. Quieren ver los monos, pero no tienen una finalidad de conservaci\u00f3n, sino de entretenimiento que nosotros queremos transformar en educaci\u00f3n y programas de conservaci\u00f3n para la restituci\u00f3n o repoblaci\u00f3n de especies en espacios naturales\u201d.<\/em><\/p>\n<p>&nbsp;<\/p>\n<p><em>\u201cEs un cambio fuerte, pero nos parece es necesario. <strong>Lo mismo pas\u00f3 hace unos a\u00f1os con el le\u00f3n, que lo trasladamos a un Santuario en Estados Unidos.<\/strong> Hoy podemos decir que Leo est\u00e1 en un buen lugar, en condiciones mejoradas para el animal, ya que se encuentra con otros de su especie que en el Bioparque no ten\u00edamos\u201d<\/em>, sentenci\u00f3.<\/p>\n","protected":false},"excerpt":{"rendered":"<p>As\u00ed lo expres\u00f3 el director del espacio Flavio Maldonado. Habl\u00f3 del objetivo de orientar el Parque hacia la conservaci\u00f3n y<\/p>\n","protected":false},"author":5,"featured_media":27347,"comment_status":"closed","ping_status":"closed","sticky":false,"template":"","format":"standard","meta":{"_jetpack_memberships_contains_paid_content":false,"footnotes":""},"categories":[5],"tags":[],"class_list":["post-27346","post","type-post","status-publish","format-standard","has-post-thumbnail","hentry","category-informacion-general"],"jetpack_featured_media_url":"https:\/\/i0.wp.com\/cdnoticias.com\/wp-content\/uploads\/2021\/07\/Cultura-Apertura-La-Maxima-2-1024x682.jpg?fit=1024%2C682&ssl=1","jetpack_sharing_enabled":true,"_links":{"self":[{"href":"https:\/\/cdnoticias.com\/index.php\/wp-json\/wp\/v2\/posts\/27346","targetHints":{"allow":["GET"]}}],"collection":[{"href":"https:\/\/cdnoticias.com\/index.php\/wp-json\/wp\/v2\/posts"}],"about":[{"href":"https:\/\/cdnoticias.com\/index.php\/wp-json\/wp\/v2\/types\/post"}],"author":[{"embeddable":true,"href":"https:\/\/cdnoticias.com\/index.php\/wp-json\/wp\/v2\/users\/5"}],"replies":[{"embeddable":true,"href":"https:\/\/cdnoticias.com\/index.php\/wp-json\/wp\/v2\/comments?post=27346"}],"version-history":[{"count":0,"href":"https:\/\/cdnoticias.com\/index.php\/wp-json\/wp\/v2\/posts\/27346\/revisions"}],"wp:featuredmedia":[{"embeddable":true,"href":"https:\/\/cdnoticias.com\/index.php\/wp-json\/wp\/v2\/media\/27347"}],"wp:attachment":[{"href":"https:\/\/cdnoticias.com\/index.php\/wp-json\/wp\/v2\/media?parent=27346"}],"wp:term":[{"taxonomy":"category","embeddable":true,"href":"https:\/\/cdnoticias.com\/index.php\/wp-json\/wp\/v2\/categories?post=27346"},{"taxonomy":"post_tag","embeddable":true,"href":"https:\/\/cdnoticias.com\/index.php\/wp-json\/wp\/v2\/tags?post=27346"}],"curies":[{"name":"wp","href":"https:\/\/api.w.org\/{rel}","templated":true}]}}