{"id":27299,"date":"2021-07-22T08:16:36","date_gmt":"2021-07-22T11:16:36","guid":{"rendered":"http:\/\/www.centraldenoticias.com.ar\/?p=27299"},"modified":"2021-07-22T08:16:36","modified_gmt":"2021-07-22T11:16:36","slug":"carlos-amilcar-benitez-charly-q-e-p-d-2","status":"publish","type":"post","link":"https:\/\/cdnoticias.com\/index.php\/2021\/07\/22\/carlos-amilcar-benitez-charly-q-e-p-d-2\/","title":{"rendered":"Carlos Amilcar Benitez &#8221;Charly&#8221; (Q.E.P.D.)"},"content":{"rendered":"<p>Falleci\u00f3 en Olavarr\u00eda el d\u00eda 20 de julio de 2021 a los 40 a\u00f1os de edad.<\/p>\n<p>&nbsp;<\/p>\n<p>Sus padres, sus hermanos y dem\u00e1s deudos participan de su fallecimiento. Velatorio: Sala de Hinojo, jueves 22 a partir de las 11. Inhumaci\u00f3n: Cementerio Municipal de Hinojo, jueves a las 13. Servicio adherido a Coopelectric.<\/p>\n<p>&nbsp;<\/p>\n<p>Barrio en el que viv\u00eda: Vecino de Hinojo<\/p>\n<p>&nbsp;<\/p>\n<p>Actividad que desarrollaba: Empleado<\/p>\n","protected":false},"excerpt":{"rendered":"<p>Falleci\u00f3 en Olavarr\u00eda el d\u00eda 20 de julio de 2021 a los 40 a\u00f1os de edad. &nbsp; Sus padres, sus<\/p>\n","protected":false},"author":4,"featured_media":0,"comment_status":"closed","ping_status":"closed","sticky":false,"template":"","format":"standard","meta":{"_jetpack_memberships_contains_paid_content":false,"footnotes":""},"categories":[10],"tags":[],"class_list":["post-27299","post","type-post","status-publish","format-standard","hentry","category-necrologicas"],"jetpack_featured_media_url":"","jetpack_sharing_enabled":true,"_links":{"self":[{"href":"https:\/\/cdnoticias.com\/index.php\/wp-json\/wp\/v2\/posts\/27299","targetHints":{"allow":["GET"]}}],"collection":[{"href":"https:\/\/cdnoticias.com\/index.php\/wp-json\/wp\/v2\/posts"}],"about":[{"href":"https:\/\/cdnoticias.com\/index.php\/wp-json\/wp\/v2\/types\/post"}],"author":[{"embeddable":true,"href":"https:\/\/cdnoticias.com\/index.php\/wp-json\/wp\/v2\/users\/4"}],"replies":[{"embeddable":true,"href":"https:\/\/cdnoticias.com\/index.php\/wp-json\/wp\/v2\/comments?post=27299"}],"version-history":[{"count":0,"href":"https:\/\/cdnoticias.com\/index.php\/wp-json\/wp\/v2\/posts\/27299\/revisions"}],"wp:attachment":[{"href":"https:\/\/cdnoticias.com\/index.php\/wp-json\/wp\/v2\/media?parent=27299"}],"wp:term":[{"taxonomy":"category","embeddable":true,"href":"https:\/\/cdnoticias.com\/index.php\/wp-json\/wp\/v2\/categories?post=27299"},{"taxonomy":"post_tag","embeddable":true,"href":"https:\/\/cdnoticias.com\/index.php\/wp-json\/wp\/v2\/tags?post=27299"}],"curies":[{"name":"wp","href":"https:\/\/api.w.org\/{rel}","templated":true}]}}