{"id":27285,"date":"2021-07-21T20:37:59","date_gmt":"2021-07-21T23:37:59","guid":{"rendered":"http:\/\/www.centraldenoticias.com.ar\/?p=27285"},"modified":"2021-07-22T08:33:20","modified_gmt":"2021-07-22T11:33:20","slug":"avanza-la-colocacion-de-camaras-de-fotomultas-en-la-ciudad","status":"publish","type":"post","link":"https:\/\/cdnoticias.com\/index.php\/2021\/07\/21\/avanza-la-colocacion-de-camaras-de-fotomultas-en-la-ciudad\/","title":{"rendered":"Avanza la colocaci\u00f3n de c\u00e1maras de fotomultas en la ciudad"},"content":{"rendered":"<p>En principio ya est\u00e1n instalados una decena de dispositivos, pero est\u00e1 en carpeta la suma de m\u00e1s equipos. Se controla el traspaso de sem\u00e1foros e invasi\u00f3n de sendas peatonales.<!--more--><\/p>\n<hr \/>\n<p><strong>\u201cLo que queremos es que no haya choques, no recaudar con una multa\u201d<\/strong>. De esa manera el ingeniero Agust\u00edn Falivene, responsable del \u00e1rea de tr\u00e1nsito y seguridad vial en la Direcci\u00f3n de Control Urbano Municipal expres\u00f3 en una nota con <em>La Ma\u00f1ana de Radio Universidad FM 90.1<\/em> el objetivo y detalles de la instalaci\u00f3n de c\u00e1maras de fotomultas en puntos estrat\u00e9gicos del casco urbano local.<\/p>\n<p>&nbsp;<\/p>\n<p>\u201cPara controlar el traspaso de sem\u00e1foros en rojo y la invasi\u00f3n de la senda peatonal\u201d, agreg\u00f3 el funcionario municipal cuando las consultas avanzaron acerca de qu\u00e9 tipo de situaciones van a controlar o detectar. <strong>\u201cSon c\u00e1maras de fotomultas, detectan el paso de un veh\u00edculo cometiendo una infracci\u00f3n y saca una secuencia de fotos, graba un video y eso despu\u00e9s genera el acta de fotomulta que llega al domicilio del titular del autom\u00f3vil\u201d<\/strong>, complet\u00f3.<\/p>\n<p>&nbsp;<\/p>\n<p><iframe id=\"audio_73022088\" style=\"width: 100%;\" src=\"https:\/\/www.ivoox.com\/player_ej_73022088_6_1.html\" height=\"200\" frameborder=\"0\" scrolling=\"no\" allowfullscreen=\"allowfullscreen\"><\/iframe><\/p>\n<p>&nbsp;<\/p>\n<p>Desde hace ya algunas semanas el paisaje de la ciudad se ha visto modificado, principalmente en los sectores de mayor concurrencia, con las avenidas principales de la ciudad como punto predilecto. La alusi\u00f3n va a unas estructuras de hierro que comenzaron a verse sobre los cruces, las cuales han comenzado a ser dotadas de c\u00e1maras de fotomultas. \u00a0<strong>\u201cEs lo mismo que estaba en Del Valle y Lavalle, Colon y Pringles, Colon y Espa\u00f1a\u2026 Es lo mismo, pero se van modernizando los equipos y se ha agregado una cantidad mayor, fundamentalmente en los sem\u00e1foros donde tenemos un mayor \u00edndice de siniestralidad\u201d<\/strong>, se\u00f1al\u00f3 Falivene.<\/p>\n<p>&nbsp;<\/p>\n<p><strong>\u201cEs a partir de un convenio que se firma entre la Provincia, un ente que es el que se encarga de bajar las im\u00e1genes, procesarlas y enviarlas, y el Municipio\u201d<\/strong>, explic\u00f3 el procedimiento a medida que daba cuenta que desde el Municipio no se realiza ning\u00fan tipo de inversi\u00f3n para la puesta en marcha y mantenimiento del sistema. Luego, de acuerdo con lo que continu\u00f3, el tr\u00e1mite sigue el trayecto de toda multa, con la instancia de descargo y la posterior sanci\u00f3n por parte del Juzgado.<\/p>\n<p>&nbsp;<\/p>\n<figure id=\"attachment_12544\" aria-describedby=\"caption-attachment-12544\" style=\"width: 793px\" class=\"wp-caption alignnone\"><img data-recalc-dims=\"1\" loading=\"lazy\" decoding=\"async\" class=\"wp-image-12544 size-full\" src=\"https:\/\/i0.wp.com\/cdnoticias.com\/wp-content\/uploads\/2021\/01\/falivene02.jpg?resize=793%2C458&#038;ssl=1\" alt=\"\" width=\"793\" height=\"458\" srcset=\"https:\/\/i0.wp.com\/cdnoticias.com\/wp-content\/uploads\/2021\/01\/falivene02.jpg?w=793&amp;ssl=1 793w, https:\/\/i0.wp.com\/cdnoticias.com\/wp-content\/uploads\/2021\/01\/falivene02.jpg?resize=300%2C173&amp;ssl=1 300w, https:\/\/i0.wp.com\/cdnoticias.com\/wp-content\/uploads\/2021\/01\/falivene02.jpg?resize=768%2C444&amp;ssl=1 768w\" sizes=\"auto, (max-width: 793px) 100vw, 793px\" \/><figcaption id=\"caption-attachment-12544\" class=\"wp-caption-text\">Ingeniero Agust\u00edn Falivene, responsable del \u00e1rea de tr\u00e1nsito y seguridad vial en la Direcci\u00f3n de Control Urbano Municipal. Foto Archivo<\/figcaption><\/figure>\n<p>&nbsp;<\/p>\n<p>&nbsp;<\/p>\n<p><strong>\u201cTen\u00e9s un sem\u00e1foro, una senda. Ten\u00e9s que respetar, no es que \u2018uy justo me engancharon\u2019, como se suele decir con la multas por velocidad. El sem\u00e1foro se ve, est\u00e1 visible, hay que respetarlo pero no por la multa, sino cuidarse uno y cuidar al otro\u201d<\/strong>, enfatiz\u00f3 Falivene mientras refer\u00eda que en la actualidad ya hay operativas alrededor de una decena y, a la par, que se quiere incrementar a 15 el numero de dispositivos activos<\/p>\n<p>&nbsp;<\/p>\n<p>Por \u00faltimo, acerca de la situaci\u00f3n de Olavarr\u00eda en materia de siniestralidad vial, expres\u00f3 que<strong> se advierte una baja en los \u00edndices con respecto a a\u00f1os anteriores, no s\u00f3lo con el 2020 que en su mayor parte fue atravesado por la pandemia, sino tambi\u00e9n per\u00edodos anteriores<\/strong>. En ese sentido, agreg\u00f3 que pr\u00f3ximamente se divulgar\u00e1n las estad\u00edsticas del primer semestre pero, a la par, no quiso dejar pasar la ocasi\u00f3n para referirse al registro de choques y su vinculaci\u00f3n no solo con la velocidad, sino tambi\u00e9n con la ingesta de alcohol y utilizaci\u00f3n de tel\u00e9fonos celulares.<\/p>\n","protected":false},"excerpt":{"rendered":"<p>En principio ya est\u00e1n instalados una decena de dispositivos, pero est\u00e1 en carpeta la suma de m\u00e1s equipos. Se controla<\/p>\n","protected":false},"author":3,"featured_media":27286,"comment_status":"closed","ping_status":"closed","sticky":false,"template":"","format":"standard","meta":{"_jetpack_memberships_contains_paid_content":false,"footnotes":""},"categories":[5,1],"tags":[],"class_list":["post-27285","post","type-post","status-publish","format-standard","has-post-thumbnail","hentry","category-informacion-general","category-portada"],"jetpack_featured_media_url":"https:\/\/i0.wp.com\/cdnoticias.com\/wp-content\/uploads\/2021\/07\/fotomultas02.jpg?fit=800%2C445&ssl=1","jetpack_sharing_enabled":true,"_links":{"self":[{"href":"https:\/\/cdnoticias.com\/index.php\/wp-json\/wp\/v2\/posts\/27285","targetHints":{"allow":["GET"]}}],"collection":[{"href":"https:\/\/cdnoticias.com\/index.php\/wp-json\/wp\/v2\/posts"}],"about":[{"href":"https:\/\/cdnoticias.com\/index.php\/wp-json\/wp\/v2\/types\/post"}],"author":[{"embeddable":true,"href":"https:\/\/cdnoticias.com\/index.php\/wp-json\/wp\/v2\/users\/3"}],"replies":[{"embeddable":true,"href":"https:\/\/cdnoticias.com\/index.php\/wp-json\/wp\/v2\/comments?post=27285"}],"version-history":[{"count":0,"href":"https:\/\/cdnoticias.com\/index.php\/wp-json\/wp\/v2\/posts\/27285\/revisions"}],"wp:featuredmedia":[{"embeddable":true,"href":"https:\/\/cdnoticias.com\/index.php\/wp-json\/wp\/v2\/media\/27286"}],"wp:attachment":[{"href":"https:\/\/cdnoticias.com\/index.php\/wp-json\/wp\/v2\/media?parent=27285"}],"wp:term":[{"taxonomy":"category","embeddable":true,"href":"https:\/\/cdnoticias.com\/index.php\/wp-json\/wp\/v2\/categories?post=27285"},{"taxonomy":"post_tag","embeddable":true,"href":"https:\/\/cdnoticias.com\/index.php\/wp-json\/wp\/v2\/tags?post=27285"}],"curies":[{"name":"wp","href":"https:\/\/api.w.org\/{rel}","templated":true}]}}