{"id":27274,"date":"2021-07-21T18:46:50","date_gmt":"2021-07-21T21:46:50","guid":{"rendered":"http:\/\/www.centraldenoticias.com.ar\/?p=27274"},"modified":"2021-07-21T18:46:50","modified_gmt":"2021-07-21T21:46:50","slug":"oscar-alberto-billegas-el-loco-q-e-p-d","status":"publish","type":"post","link":"https:\/\/cdnoticias.com\/index.php\/2021\/07\/21\/oscar-alberto-billegas-el-loco-q-e-p-d\/","title":{"rendered":"Oscar Alberto Billegas &#8220;El Loco&#8221; (Q.E.P.D.)"},"content":{"rendered":"<p>Falleci\u00f3 en Olavarr\u00eda el d\u00eda 21 de Julio de 2021 a los 68 a\u00f1os de edad. Sus hijos Miriam, Ricardo y Martin Billegas, su hijo pol\u00edtico H\u00e9ctor Mares, sus nietos Pilar y Bautista Mares; Abril y Santino Billegas; Bianca, Facundo y Genaro Billegas, sus hermanos Juan, Roberto y Rub\u00e9n Billegas, sus hermanas pol\u00edticas, sus sobrinos y dem\u00e1s deudos participan su fallecimiento.<\/p>\n<p>&nbsp;<\/p>\n<p>Sus restos ser\u00e1n velados este jueves desde las 8.30 en la sala velatoria de Espa\u00f1a 2942, departamento &#8220;B&#8221;, y ser\u00e1n inhumados desde las 10.30 en el Cementerio Loma de Paz. Servicio adherido a Coopelectric.<\/p>\n<p>&nbsp;<\/p>\n<p>Vecino de Sierra Chica. Pensionado.<\/p>\n","protected":false},"excerpt":{"rendered":"<p>Falleci\u00f3 en Olavarr\u00eda el d\u00eda 21 de Julio de 2021 a los 68 a\u00f1os de edad. Sus hijos Miriam, Ricardo<\/p>\n","protected":false},"author":3,"featured_media":0,"comment_status":"closed","ping_status":"closed","sticky":false,"template":"","format":"standard","meta":{"_jetpack_memberships_contains_paid_content":false,"footnotes":""},"categories":[10],"tags":[],"class_list":["post-27274","post","type-post","status-publish","format-standard","hentry","category-necrologicas"],"jetpack_featured_media_url":"","jetpack_sharing_enabled":true,"_links":{"self":[{"href":"https:\/\/cdnoticias.com\/index.php\/wp-json\/wp\/v2\/posts\/27274","targetHints":{"allow":["GET"]}}],"collection":[{"href":"https:\/\/cdnoticias.com\/index.php\/wp-json\/wp\/v2\/posts"}],"about":[{"href":"https:\/\/cdnoticias.com\/index.php\/wp-json\/wp\/v2\/types\/post"}],"author":[{"embeddable":true,"href":"https:\/\/cdnoticias.com\/index.php\/wp-json\/wp\/v2\/users\/3"}],"replies":[{"embeddable":true,"href":"https:\/\/cdnoticias.com\/index.php\/wp-json\/wp\/v2\/comments?post=27274"}],"version-history":[{"count":0,"href":"https:\/\/cdnoticias.com\/index.php\/wp-json\/wp\/v2\/posts\/27274\/revisions"}],"wp:attachment":[{"href":"https:\/\/cdnoticias.com\/index.php\/wp-json\/wp\/v2\/media?parent=27274"}],"wp:term":[{"taxonomy":"category","embeddable":true,"href":"https:\/\/cdnoticias.com\/index.php\/wp-json\/wp\/v2\/categories?post=27274"},{"taxonomy":"post_tag","embeddable":true,"href":"https:\/\/cdnoticias.com\/index.php\/wp-json\/wp\/v2\/tags?post=27274"}],"curies":[{"name":"wp","href":"https:\/\/api.w.org\/{rel}","templated":true}]}}