{"id":27231,"date":"2021-07-21T15:57:44","date_gmt":"2021-07-21T18:57:44","guid":{"rendered":"http:\/\/www.centraldenoticias.com.ar\/?p=27231"},"modified":"2021-07-21T15:57:44","modified_gmt":"2021-07-21T18:57:44","slug":"demarcaron-sendas-peatonales-frente-el-parque-mitre","status":"publish","type":"post","link":"https:\/\/cdnoticias.com\/index.php\/2021\/07\/21\/demarcaron-sendas-peatonales-frente-el-parque-mitre\/","title":{"rendered":"Demarcaron sendas peatonales frente el  Parque Mitre"},"content":{"rendered":"<p>Fue sobre el cruce de Hornos y Almirante Brown, un sector sumamente concurrido y que no pose\u00eda de este tipo de se\u00f1alizaci\u00f3n vial.<!--more--><\/p>\n<hr \/>\n<p>Desde la Direcci\u00f3n de Control Urbano, dependiente de la subsecretar\u00eda de Seguridad Municipal, persisten los esfuerzos preventivos y tareas en materia de Seguridad Vial, que <strong>en la jornada de este mi\u00e9rcoles se tradujeron en la demarcaci\u00f3n de sendas peatonales en la zona del Parque Mitre.<\/strong><\/p>\n<p>&nbsp;<\/p>\n<p>Seg\u00fan logr\u00f3 conocer <em><strong>Central de Noticias<\/strong><\/em>, todo se focaliz\u00f3 sobre la esquina de Almirante Brown y Hornos, un cruce sumamente concurrido que no contaba con este tipo de se\u00f1alizaci\u00f3n. Vale destacar que, <strong>adem\u00e1s del movimiento que suele tener ese punto de la ciudad, se suma que justo en esta intersecci\u00f3n tambi\u00e9n se encuentra un puente peatonal que es adem\u00e1s utilizado por ciclistas y motociclistas.<\/strong><\/p>\n<p>&nbsp;<\/p>\n<p><img data-recalc-dims=\"1\" loading=\"lazy\" decoding=\"async\" class=\"alignnone size-large wp-image-27233\" src=\"https:\/\/i0.wp.com\/cdnoticias.com\/wp-content\/uploads\/2021\/07\/WhatsApp-Image-2021-07-21-at-12.44.20.jpeg?resize=800%2C600&#038;ssl=1\" alt=\"\" width=\"800\" height=\"600\" srcset=\"https:\/\/i0.wp.com\/cdnoticias.com\/wp-content\/uploads\/2021\/07\/WhatsApp-Image-2021-07-21-at-12.44.20.jpeg?resize=1024%2C768&amp;ssl=1 1024w, https:\/\/i0.wp.com\/cdnoticias.com\/wp-content\/uploads\/2021\/07\/WhatsApp-Image-2021-07-21-at-12.44.20.jpeg?resize=300%2C225&amp;ssl=1 300w, https:\/\/i0.wp.com\/cdnoticias.com\/wp-content\/uploads\/2021\/07\/WhatsApp-Image-2021-07-21-at-12.44.20.jpeg?resize=768%2C576&amp;ssl=1 768w, https:\/\/i0.wp.com\/cdnoticias.com\/wp-content\/uploads\/2021\/07\/WhatsApp-Image-2021-07-21-at-12.44.20.jpeg?w=1040&amp;ssl=1 1040w\" sizes=\"auto, (max-width: 800px) 100vw, 800px\" \/><\/p>\n<p>&nbsp;<\/p>\n<p>Las tareas en el lugar fueron supervisadas por el titular de esa \u00e1rea, Gustavo Spaltro, quien en di\u00e1logo con este portal puso el acento en la importancia de este tipo de tareas en materia de Seguridad Vial y c\u00f3mo, <strong>a partir de la mejora en la situaci\u00f3n sanitaria, se pudieron retomar labores que se hab\u00edan visto postergadas durante la pandemia.<\/strong><\/p>\n<p>&nbsp;<\/p>\n<p>Spaltro a\u00f1adi\u00f3 que, si bien la labor nunca se detuvo, ya que fueron continuos los esfuerzos, como por ejemplo con la colocaci\u00f3n de se\u00f1al\u00e9tica vial u operativos en distintos puntos de la ciudad, <strong>la reincorporaci\u00f3n de la mayor parte del equipo de trabajo permiti\u00f3 el regreso de tareas de mayor escala, como lo es la demarcaci\u00f3n de sendas peatonales.<\/strong><\/p>\n<p>&nbsp;<\/p>\n","protected":false},"excerpt":{"rendered":"<p>Fue sobre el cruce de Hornos y Almirante Brown, un sector sumamente concurrido y que no pose\u00eda de este tipo<\/p>\n","protected":false},"author":3,"featured_media":27236,"comment_status":"closed","ping_status":"closed","sticky":false,"template":"","format":"standard","meta":{"_jetpack_memberships_contains_paid_content":false,"footnotes":""},"categories":[5],"tags":[],"class_list":["post-27231","post","type-post","status-publish","format-standard","has-post-thumbnail","hentry","category-informacion-general"],"jetpack_featured_media_url":"https:\/\/i0.wp.com\/cdnoticias.com\/wp-content\/uploads\/2021\/07\/WhatsApp-Image-2021-07-21-at-12.42.02-1.jpeg?fit=1032%2C581&ssl=1","jetpack_sharing_enabled":true,"_links":{"self":[{"href":"https:\/\/cdnoticias.com\/index.php\/wp-json\/wp\/v2\/posts\/27231","targetHints":{"allow":["GET"]}}],"collection":[{"href":"https:\/\/cdnoticias.com\/index.php\/wp-json\/wp\/v2\/posts"}],"about":[{"href":"https:\/\/cdnoticias.com\/index.php\/wp-json\/wp\/v2\/types\/post"}],"author":[{"embeddable":true,"href":"https:\/\/cdnoticias.com\/index.php\/wp-json\/wp\/v2\/users\/3"}],"replies":[{"embeddable":true,"href":"https:\/\/cdnoticias.com\/index.php\/wp-json\/wp\/v2\/comments?post=27231"}],"version-history":[{"count":0,"href":"https:\/\/cdnoticias.com\/index.php\/wp-json\/wp\/v2\/posts\/27231\/revisions"}],"wp:featuredmedia":[{"embeddable":true,"href":"https:\/\/cdnoticias.com\/index.php\/wp-json\/wp\/v2\/media\/27236"}],"wp:attachment":[{"href":"https:\/\/cdnoticias.com\/index.php\/wp-json\/wp\/v2\/media?parent=27231"}],"wp:term":[{"taxonomy":"category","embeddable":true,"href":"https:\/\/cdnoticias.com\/index.php\/wp-json\/wp\/v2\/categories?post=27231"},{"taxonomy":"post_tag","embeddable":true,"href":"https:\/\/cdnoticias.com\/index.php\/wp-json\/wp\/v2\/tags?post=27231"}],"curies":[{"name":"wp","href":"https:\/\/api.w.org\/{rel}","templated":true}]}}