{"id":27177,"date":"2021-07-20T22:25:49","date_gmt":"2021-07-21T01:25:49","guid":{"rendered":"http:\/\/www.centraldenoticias.com.ar\/?p=27177"},"modified":"2021-07-21T08:29:26","modified_gmt":"2021-07-21T11:29:26","slug":"secuestro-de-carne-y-celulares-en-allanamientos-por-un-robo-de-vacas","status":"publish","type":"post","link":"https:\/\/cdnoticias.com\/index.php\/2021\/07\/20\/secuestro-de-carne-y-celulares-en-allanamientos-por-un-robo-de-vacas\/","title":{"rendered":"Secuestro de carne y celulares en allanamientos por un robo de vacas"},"content":{"rendered":"<p>En el hecho que se investiga delincuentes robaron alrededor de 40 vacunos. Las tareas fueron llevadas adelante desde el Comando de Prevenci\u00f3n Rural.<!--more--><\/p>\n<hr \/>\n<p style=\"text-align: left;\">En la jornada de este martes agentes del Comando de Prevenci\u00f3n Rural, con la colaboraci\u00f3n de efectivos de otras dependencias, llevaron adelante tres allanamientos que <strong>se enmarcaron en la investigaci\u00f3n de un abigeato ocurrido <a href=\"https:\/\/cdnoticias.com\/index.php\/2021\/02\/06\/avanzan-las-investigaciones-por-el-robo-de-39-vacunos\/\" target=\"_blank\" rel=\"noopener\">en febrero en la zona de Espigas<\/a>, donde faltaron cerca de 40 vacunos.<\/strong><\/p>\n<p>&nbsp;<\/p>\n<p>De acuerdo con lo que se logr\u00f3 conocer, el hecho se registr\u00f3 en<strong> un establecimiento rural ubicado sobre el camino vecinal que une Ruta 60 y el paraje Recalede, en el Cuartel XXVIII del Partido de Olavarr\u00eda, donde delincuentes se apoderaron de 39 animales.<\/strong><\/p>\n<p>&nbsp;<\/p>\n<p><img data-recalc-dims=\"1\" loading=\"lazy\" decoding=\"async\" class=\"alignnone size-full wp-image-27179\" src=\"https:\/\/i0.wp.com\/cdnoticias.com\/wp-content\/uploads\/2021\/07\/secuestros.jpg?resize=800%2C445&#038;ssl=1\" alt=\"\" width=\"800\" height=\"445\" srcset=\"https:\/\/i0.wp.com\/cdnoticias.com\/wp-content\/uploads\/2021\/07\/secuestros.jpg?w=800&amp;ssl=1 800w, https:\/\/i0.wp.com\/cdnoticias.com\/wp-content\/uploads\/2021\/07\/secuestros.jpg?resize=300%2C167&amp;ssl=1 300w, https:\/\/i0.wp.com\/cdnoticias.com\/wp-content\/uploads\/2021\/07\/secuestros.jpg?resize=768%2C427&amp;ssl=1 768w\" sizes=\"auto, (max-width: 800px) 100vw, 800px\" \/><\/p>\n<p>&nbsp;<\/p>\n<p>El avance de las<strong> averiguaciones, lideradas por el doctor Juan Ma\u00f1ero de la ayudant\u00eda fiscal en abigeatos y delitos conexos, que tiene como titular al doctor Lucas Moyano<\/strong>, se tradujeron en la realizaci\u00f3n de tres allanamientos que contaron con el aval del juez de Garant\u00edas Carlos Villamar\u00edn.<\/p>\n<p>&nbsp;<\/p>\n<p>En ese marco <strong>se incautaron \u201cdiversos elementos de inter\u00e9s\u201d, entre los que sobresalen tel\u00e9fonos celulares y diferentes cortes vacunos que fueron hallados en el interior de un freezer<\/strong>. Cada uno de esos elementos fueron peritados por agentes de la divisi\u00f3n Cient\u00edfica de la polic\u00eda Bonaerense, adem\u00e1s de tomar muestras de ADN que en los pr\u00f3ximos d\u00edas ser\u00e1n sometidos a pruebas de cotejo para establecer si corresponden al hecho mencionado u otro il\u00edcito.<\/p>\n","protected":false},"excerpt":{"rendered":"<p>En el hecho que se investiga delincuentes robaron alrededor de 40 vacunos. Las tareas fueron llevadas adelante desde el Comando<\/p>\n","protected":false},"author":3,"featured_media":27178,"comment_status":"closed","ping_status":"closed","sticky":false,"template":"","format":"standard","meta":{"_jetpack_memberships_contains_paid_content":false,"footnotes":""},"categories":[14,1],"tags":[],"class_list":["post-27177","post","type-post","status-publish","format-standard","has-post-thumbnail","hentry","category-policiales","category-portada"],"jetpack_featured_media_url":"https:\/\/i0.wp.com\/cdnoticias.com\/wp-content\/uploads\/2021\/07\/carne.jpg?fit=800%2C445&ssl=1","jetpack_sharing_enabled":true,"_links":{"self":[{"href":"https:\/\/cdnoticias.com\/index.php\/wp-json\/wp\/v2\/posts\/27177","targetHints":{"allow":["GET"]}}],"collection":[{"href":"https:\/\/cdnoticias.com\/index.php\/wp-json\/wp\/v2\/posts"}],"about":[{"href":"https:\/\/cdnoticias.com\/index.php\/wp-json\/wp\/v2\/types\/post"}],"author":[{"embeddable":true,"href":"https:\/\/cdnoticias.com\/index.php\/wp-json\/wp\/v2\/users\/3"}],"replies":[{"embeddable":true,"href":"https:\/\/cdnoticias.com\/index.php\/wp-json\/wp\/v2\/comments?post=27177"}],"version-history":[{"count":0,"href":"https:\/\/cdnoticias.com\/index.php\/wp-json\/wp\/v2\/posts\/27177\/revisions"}],"wp:featuredmedia":[{"embeddable":true,"href":"https:\/\/cdnoticias.com\/index.php\/wp-json\/wp\/v2\/media\/27178"}],"wp:attachment":[{"href":"https:\/\/cdnoticias.com\/index.php\/wp-json\/wp\/v2\/media?parent=27177"}],"wp:term":[{"taxonomy":"category","embeddable":true,"href":"https:\/\/cdnoticias.com\/index.php\/wp-json\/wp\/v2\/categories?post=27177"},{"taxonomy":"post_tag","embeddable":true,"href":"https:\/\/cdnoticias.com\/index.php\/wp-json\/wp\/v2\/tags?post=27177"}],"curies":[{"name":"wp","href":"https:\/\/api.w.org\/{rel}","templated":true}]}}