{"id":27175,"date":"2021-07-20T21:22:21","date_gmt":"2021-07-21T00:22:21","guid":{"rendered":"http:\/\/www.centraldenoticias.com.ar\/?p=27175"},"modified":"2021-07-21T08:38:33","modified_gmt":"2021-07-21T11:38:33","slug":"corte-de-luz-afecta-a-un-importante-sector-de-la-ciudad","status":"publish","type":"post","link":"https:\/\/cdnoticias.com\/index.php\/2021\/07\/20\/corte-de-luz-afecta-a-un-importante-sector-de-la-ciudad\/","title":{"rendered":"Corte de luz afecta a un importante sector de la ciudad"},"content":{"rendered":"<p>Se debe a una falla registrada en una subestaci\u00f3n. <strong>Desde Coopelectric indicaron que la interrupci\u00f3n ser\u00e1 prolongada.<\/strong><!--more--><\/p>\n<hr \/>\n<p>Este martes por la tarde se registr\u00f3 un importante corte de luz a ra\u00edz de una<strong> falla registrada en la subestaci\u00f3n ubicada a la altura de Juan XXIII y Espa\u00f1a.<\/strong><\/p>\n<p>&nbsp;<\/p>\n<p>Debido a este inconveniente, se encuentra sin suministro el\u00e9ctrico el sector comprendido por <strong>avenida Trabajadores, Alsina, Ruta 226 y avenida Pringles.<\/strong><\/p>\n<p>&nbsp;<\/p>\n<p>Seg\u00fan indicaron desde Coopelectric, ya se encuentra trabajando personal en el lugar para restablecer el servicio. No obstante, por las caracter\u00edsticas de las tareas operativas que se est\u00e1n llevando a cabo,<strong> se estima que la interrupci\u00f3n ser\u00e1 prolongada.<\/strong><\/p>\n","protected":false},"excerpt":{"rendered":"<p>Se debe a una falla registrada en una subestaci\u00f3n. Desde Coopelectric indicaron que la interrupci\u00f3n ser\u00e1 prolongada.<\/p>\n","protected":false},"author":5,"featured_media":13499,"comment_status":"closed","ping_status":"closed","sticky":false,"template":"","format":"standard","meta":{"_jetpack_memberships_contains_paid_content":false,"footnotes":""},"categories":[5],"tags":[],"class_list":["post-27175","post","type-post","status-publish","format-standard","has-post-thumbnail","hentry","category-informacion-general"],"jetpack_featured_media_url":"https:\/\/i0.wp.com\/cdnoticias.com\/wp-content\/uploads\/2021\/02\/coopelectric-mantenimiento-e1632688553251.jpg?fit=4597%2C2488&ssl=1","jetpack_sharing_enabled":true,"_links":{"self":[{"href":"https:\/\/cdnoticias.com\/index.php\/wp-json\/wp\/v2\/posts\/27175","targetHints":{"allow":["GET"]}}],"collection":[{"href":"https:\/\/cdnoticias.com\/index.php\/wp-json\/wp\/v2\/posts"}],"about":[{"href":"https:\/\/cdnoticias.com\/index.php\/wp-json\/wp\/v2\/types\/post"}],"author":[{"embeddable":true,"href":"https:\/\/cdnoticias.com\/index.php\/wp-json\/wp\/v2\/users\/5"}],"replies":[{"embeddable":true,"href":"https:\/\/cdnoticias.com\/index.php\/wp-json\/wp\/v2\/comments?post=27175"}],"version-history":[{"count":0,"href":"https:\/\/cdnoticias.com\/index.php\/wp-json\/wp\/v2\/posts\/27175\/revisions"}],"wp:featuredmedia":[{"embeddable":true,"href":"https:\/\/cdnoticias.com\/index.php\/wp-json\/wp\/v2\/media\/13499"}],"wp:attachment":[{"href":"https:\/\/cdnoticias.com\/index.php\/wp-json\/wp\/v2\/media?parent=27175"}],"wp:term":[{"taxonomy":"category","embeddable":true,"href":"https:\/\/cdnoticias.com\/index.php\/wp-json\/wp\/v2\/categories?post=27175"},{"taxonomy":"post_tag","embeddable":true,"href":"https:\/\/cdnoticias.com\/index.php\/wp-json\/wp\/v2\/tags?post=27175"}],"curies":[{"name":"wp","href":"https:\/\/api.w.org\/{rel}","templated":true}]}}