{"id":27169,"date":"2021-07-20T19:48:12","date_gmt":"2021-07-20T22:48:12","guid":{"rendered":"http:\/\/www.centraldenoticias.com.ar\/?p=27169"},"modified":"2021-07-20T19:48:12","modified_gmt":"2021-07-20T22:48:12","slug":"a-partir-de-este-miercoles-se-iniciara-un-operativo-de-vacunacion-puerta-a-puerta","status":"publish","type":"post","link":"https:\/\/cdnoticias.com\/index.php\/2021\/07\/20\/a-partir-de-este-miercoles-se-iniciara-un-operativo-de-vacunacion-puerta-a-puerta\/","title":{"rendered":"A partir de este mi\u00e9rcoles se iniciar\u00e1 un operativo de vacunaci\u00f3n \u201cpuerta a puerta\u201d"},"content":{"rendered":"<p>As\u00ed fue detallado por Regi\u00f3n Sanitaria IX, desde donde se precis\u00f3 que se avanzar\u00e1 en varios barrios de la ciudad.<strong> Los detalles.<\/strong><!--more--><\/p>\n<hr \/>\n<p>Desde Regi\u00f3n Sanitaria IX se inform\u00f3 que <strong>a partir de este mi\u00e9rcoles se pondr\u00e1 en marcha un abordaje territorial puerta a puerta<\/strong>, en el marco del Plan Provincia del Vacunaci\u00f3n contra el Covid para avanzar en el n\u00famero de olavarrienses inmunizados con el primer componente.<\/p>\n<p>&nbsp;<\/p>\n<p>De acuerdo con lo que se detall\u00f3, se llevar\u00e1 adelante <strong>un recorrido por los barrios Nicol\u00e1s Avellaneda, Pueblo Nuevo, Pikelado, 12 de Octubre, Uocra, Ceco II y Barrio Jard\u00edn<\/strong>, todo con el objetivo de ir casa por casa buscando a vecinos y vecinas mayores de 18 a\u00f1os que no se hayan vacunado.<\/p>\n<p>&nbsp;<\/p>\n<p>Se precis\u00f3 que de esta manera <strong>se trabajar\u00e1 en el territorio convocando a personas que a\u00fan no han sido inoculadas con primeras dosis, a que se acerquen a cualquiera de los centros vacunatorios sin turno previo<\/strong>. Los interesados podr\u00e1n dirigirse a las postas de vacunaci\u00f3n ubicadas en: Servicio Territorial N\u00b02, Av. Alberdi 2543, de 8 a 18 hs; Facultad de Ciencias de la Salud, Pringles 4375, de 8 a 18 hs; Centro Cultural Universitario, San Martin 1955, de 8 a 18 hs; y Mutual Carlos Alberto Moreno de Suteba, Collinet 4544, de 8 a 16 hs.<\/p>\n<p>&nbsp;<\/p>\n<p>&nbsp;<\/p>\n<p>&nbsp;<\/p>\n","protected":false},"excerpt":{"rendered":"<p>As\u00ed fue detallado por Regi\u00f3n Sanitaria IX, desde donde se precis\u00f3 que se avanzar\u00e1 en varios barrios de la ciudad.<\/p>\n","protected":false},"author":3,"featured_media":25793,"comment_status":"closed","ping_status":"closed","sticky":false,"template":"","format":"standard","meta":{"_jetpack_memberships_contains_paid_content":false,"footnotes":""},"categories":[16],"tags":[],"class_list":["post-27169","post","type-post","status-publish","format-standard","has-post-thumbnail","hentry","category-covid-19"],"jetpack_featured_media_url":"https:\/\/i0.wp.com\/cdnoticias.com\/wp-content\/uploads\/2021\/07\/vacunacion-6.jpg?fit=4608%2C2564&ssl=1","jetpack_sharing_enabled":true,"_links":{"self":[{"href":"https:\/\/cdnoticias.com\/index.php\/wp-json\/wp\/v2\/posts\/27169","targetHints":{"allow":["GET"]}}],"collection":[{"href":"https:\/\/cdnoticias.com\/index.php\/wp-json\/wp\/v2\/posts"}],"about":[{"href":"https:\/\/cdnoticias.com\/index.php\/wp-json\/wp\/v2\/types\/post"}],"author":[{"embeddable":true,"href":"https:\/\/cdnoticias.com\/index.php\/wp-json\/wp\/v2\/users\/3"}],"replies":[{"embeddable":true,"href":"https:\/\/cdnoticias.com\/index.php\/wp-json\/wp\/v2\/comments?post=27169"}],"version-history":[{"count":0,"href":"https:\/\/cdnoticias.com\/index.php\/wp-json\/wp\/v2\/posts\/27169\/revisions"}],"wp:featuredmedia":[{"embeddable":true,"href":"https:\/\/cdnoticias.com\/index.php\/wp-json\/wp\/v2\/media\/25793"}],"wp:attachment":[{"href":"https:\/\/cdnoticias.com\/index.php\/wp-json\/wp\/v2\/media?parent=27169"}],"wp:term":[{"taxonomy":"category","embeddable":true,"href":"https:\/\/cdnoticias.com\/index.php\/wp-json\/wp\/v2\/categories?post=27169"},{"taxonomy":"post_tag","embeddable":true,"href":"https:\/\/cdnoticias.com\/index.php\/wp-json\/wp\/v2\/tags?post=27169"}],"curies":[{"name":"wp","href":"https:\/\/api.w.org\/{rel}","templated":true}]}}