{"id":27167,"date":"2021-07-20T19:15:47","date_gmt":"2021-07-20T22:15:47","guid":{"rendered":"http:\/\/www.centraldenoticias.com.ar\/?p=27167"},"modified":"2021-07-20T19:15:47","modified_gmt":"2021-07-20T22:15:47","slug":"vacunacion-contra-el-covid-este-martes-se-aplicaron-1-638-dosis-en-olavarria","status":"publish","type":"post","link":"https:\/\/cdnoticias.com\/index.php\/2021\/07\/20\/vacunacion-contra-el-covid-este-martes-se-aplicaron-1-638-dosis-en-olavarria\/","title":{"rendered":"Vacunaci\u00f3n contra el Covid: Este martes se aplicaron 1.638 dosis en Olavarr\u00eda"},"content":{"rendered":"<p>As\u00ed lo informaron desde Regi\u00f3n Sanitaria IX. Adem\u00e1s, recordaron que ya abri\u00f3 la inscripci\u00f3n para menores de 13 a 17 a\u00f1os.<!--more--><\/p>\n<hr \/>\n<p>Desde Regi\u00f3n Sanitaria IX se inform\u00f3 que este martes se aplicaron 1.638 dosis en los distintos puntos de vacunaci\u00f3n: <strong>215 fueron del primer componente y 1.423 del segundo componente.<\/strong><\/p>\n<p>&nbsp;<\/p>\n<p>El detalle indic\u00f3 que en el Servicio Territorial 2 se aplicaron 562 dosis (94 primer componente y 468 segundo componente), en la Facultad de Ciencias de la Salud 487 (segundo componente), en el Centro Cultural Universitario 535 (86 primer componente y 449 segundo componente) y en la Mutual Carlos Alberto Moreno 54 (35 primeras dosis, 19 segundas dosis).<\/p>\n<p>&nbsp;<\/p>\n<p>Por otra parte<strong>, debido a que Olavarr\u00eda ya es \u201cciudad protegida\u201d se vacuna de manera espont\u00e1nea a todos los mayores de 18 a\u00f1os<\/strong>, quienes pueden asistir a los puestos de vacunaci\u00f3n solo con DNI y domicilio en el partido de Olavarr\u00eda. Cabe destacar que la aplicaci\u00f3n de segundas dosis sigue siendo por turno por lo que se le pide a la poblaci\u00f3n que est\u00e9n atentos a las notificaciones con el d\u00eda y la hora correspondiente.<\/p>\n<p>Adem\u00e1s se record\u00f3 que se encuentra abierta la inscripci\u00f3n para menores de 13 a 17 a\u00f1os. Los interesados deber\u00e1n <a href=\"https:\/\/vacunatepba.gba.gob.ar\/\" target=\"_blank\" rel=\"noopener\">ingresar aqu\u00ed.<\/a><\/p>\n<p>&nbsp;<\/p>\n<p>Por \u00faltimo, se reiter\u00f3 que todas las personas mayores de 18 a\u00f1os que deseen vacunarse con primeras dosis pueden acercarse a cualquiera de las 4 postas de vacunaci\u00f3n que est\u00e1n funcionando en simult\u00e1neo:<\/p>\n<p><strong>Servicio Territorial 2,<\/strong> Av. Alberdi 2543, de 8 a 18.<br \/>\n<strong>Facultad de Ciencias de la Salud<\/strong>, Pringles 4375 de 8 a 18.<br \/>\n<strong>Centro Cultural Universitario<\/strong>, San Mart\u00edn 1955 de 8 a 18.<br \/>\n<strong>Mutual Carlos Alberto Moreno de Suteba<\/strong>, Collinet al 4544, de 8 a 16.<\/p>\n","protected":false},"excerpt":{"rendered":"<p>As\u00ed lo informaron desde Regi\u00f3n Sanitaria IX. Adem\u00e1s, recordaron que ya abri\u00f3 la inscripci\u00f3n para menores de 13 a 17<\/p>\n","protected":false},"author":5,"featured_media":22277,"comment_status":"closed","ping_status":"closed","sticky":false,"template":"","format":"standard","meta":{"_jetpack_memberships_contains_paid_content":false,"footnotes":""},"categories":[16,1],"tags":[],"class_list":["post-27167","post","type-post","status-publish","format-standard","has-post-thumbnail","hentry","category-covid-19","category-portada"],"jetpack_featured_media_url":"https:\/\/i0.wp.com\/cdnoticias.com\/wp-content\/uploads\/2021\/05\/2021_05_24-Vacunacion-Fuerzas-de-Seguridad-Bonaerense-10.jpg?fit=4928%2C3280&ssl=1","jetpack_sharing_enabled":true,"_links":{"self":[{"href":"https:\/\/cdnoticias.com\/index.php\/wp-json\/wp\/v2\/posts\/27167","targetHints":{"allow":["GET"]}}],"collection":[{"href":"https:\/\/cdnoticias.com\/index.php\/wp-json\/wp\/v2\/posts"}],"about":[{"href":"https:\/\/cdnoticias.com\/index.php\/wp-json\/wp\/v2\/types\/post"}],"author":[{"embeddable":true,"href":"https:\/\/cdnoticias.com\/index.php\/wp-json\/wp\/v2\/users\/5"}],"replies":[{"embeddable":true,"href":"https:\/\/cdnoticias.com\/index.php\/wp-json\/wp\/v2\/comments?post=27167"}],"version-history":[{"count":0,"href":"https:\/\/cdnoticias.com\/index.php\/wp-json\/wp\/v2\/posts\/27167\/revisions"}],"wp:featuredmedia":[{"embeddable":true,"href":"https:\/\/cdnoticias.com\/index.php\/wp-json\/wp\/v2\/media\/22277"}],"wp:attachment":[{"href":"https:\/\/cdnoticias.com\/index.php\/wp-json\/wp\/v2\/media?parent=27167"}],"wp:term":[{"taxonomy":"category","embeddable":true,"href":"https:\/\/cdnoticias.com\/index.php\/wp-json\/wp\/v2\/categories?post=27167"},{"taxonomy":"post_tag","embeddable":true,"href":"https:\/\/cdnoticias.com\/index.php\/wp-json\/wp\/v2\/tags?post=27167"}],"curies":[{"name":"wp","href":"https:\/\/api.w.org\/{rel}","templated":true}]}}