{"id":27155,"date":"2021-07-20T17:40:21","date_gmt":"2021-07-20T20:40:21","guid":{"rendered":"http:\/\/www.centraldenoticias.com.ar\/?p=27155"},"modified":"2021-07-20T17:40:21","modified_gmt":"2021-07-20T20:40:21","slug":"agustin-vernice-y-pedro-de-la-vega-ya-estan-en-japon","status":"publish","type":"post","link":"https:\/\/cdnoticias.com\/index.php\/2021\/07\/20\/agustin-vernice-y-pedro-de-la-vega-ya-estan-en-japon\/","title":{"rendered":"Agust\u00edn Vernice y Pedro De la Vega ya est\u00e1n en Jap\u00f3n"},"content":{"rendered":"<p>Los dos deportistas olavarrienses de la delegaci\u00f3n argentina que competir\u00e1 en Tokio ya se encuentran en el pa\u00eds asi\u00e1tico. De la Vega debutar\u00e1 el pr\u00f3ximo jueves y Vernice tendr\u00e1 su prueba el 1\u00b0 de agosto.<!--more--><\/p>\n<hr \/>\n<p>A primera hora de este martes <strong>Agust\u00edn Vernice arrib\u00f3 a Jap\u00f3n y se sum\u00f3 a Pedro De la Vega que ya se encuentra en el pa\u00eds asi\u00e1tico.<\/strong><\/p>\n<p>&nbsp;<\/p>\n<p>Todos los detalles en <a href=\"http:\/\/centraldeportes.com.ar\/agustin-vernice-tambien-arribo-a-japon\/\" target=\"_blank\" rel=\"noopener\">Central de Deportes.<\/a><\/p>\n","protected":false},"excerpt":{"rendered":"<p>Los dos deportistas olavarrienses de la delegaci\u00f3n argentina que competir\u00e1 en Tokio ya se encuentran en el pa\u00eds asi\u00e1tico. De<\/p>\n","protected":false},"author":5,"featured_media":27156,"comment_status":"closed","ping_status":"closed","sticky":false,"template":"","format":"standard","meta":{"_jetpack_memberships_contains_paid_content":false,"footnotes":""},"categories":[5,1],"tags":[],"class_list":["post-27155","post","type-post","status-publish","format-standard","has-post-thumbnail","hentry","category-informacion-general","category-portada"],"jetpack_featured_media_url":"https:\/\/i0.wp.com\/cdnoticias.com\/wp-content\/uploads\/2021\/07\/WhatsApp-Image-2021-07-20-at-17.27.38.jpeg?fit=720%2C531&ssl=1","jetpack_sharing_enabled":true,"_links":{"self":[{"href":"https:\/\/cdnoticias.com\/index.php\/wp-json\/wp\/v2\/posts\/27155","targetHints":{"allow":["GET"]}}],"collection":[{"href":"https:\/\/cdnoticias.com\/index.php\/wp-json\/wp\/v2\/posts"}],"about":[{"href":"https:\/\/cdnoticias.com\/index.php\/wp-json\/wp\/v2\/types\/post"}],"author":[{"embeddable":true,"href":"https:\/\/cdnoticias.com\/index.php\/wp-json\/wp\/v2\/users\/5"}],"replies":[{"embeddable":true,"href":"https:\/\/cdnoticias.com\/index.php\/wp-json\/wp\/v2\/comments?post=27155"}],"version-history":[{"count":0,"href":"https:\/\/cdnoticias.com\/index.php\/wp-json\/wp\/v2\/posts\/27155\/revisions"}],"wp:featuredmedia":[{"embeddable":true,"href":"https:\/\/cdnoticias.com\/index.php\/wp-json\/wp\/v2\/media\/27156"}],"wp:attachment":[{"href":"https:\/\/cdnoticias.com\/index.php\/wp-json\/wp\/v2\/media?parent=27155"}],"wp:term":[{"taxonomy":"category","embeddable":true,"href":"https:\/\/cdnoticias.com\/index.php\/wp-json\/wp\/v2\/categories?post=27155"},{"taxonomy":"post_tag","embeddable":true,"href":"https:\/\/cdnoticias.com\/index.php\/wp-json\/wp\/v2\/tags?post=27155"}],"curies":[{"name":"wp","href":"https:\/\/api.w.org\/{rel}","templated":true}]}}