{"id":27145,"date":"2021-07-20T17:24:09","date_gmt":"2021-07-20T20:24:09","guid":{"rendered":"http:\/\/www.centraldenoticias.com.ar\/?p=27145"},"modified":"2021-07-20T19:17:22","modified_gmt":"2021-07-20T22:17:22","slug":"los-alumnos-tendran-que-aprobar-el-70-de-los-contenidos-para-pasar-de-grado-o-ano","status":"publish","type":"post","link":"https:\/\/cdnoticias.com\/index.php\/2021\/07\/20\/los-alumnos-tendran-que-aprobar-el-70-de-los-contenidos-para-pasar-de-grado-o-ano\/","title":{"rendered":"Los alumnos tendr\u00e1n que aprobar el 70% de los contenidos para pasar de grado o a\u00f1o"},"content":{"rendered":"<p>El piso m\u00ednimo fue avalado por el Consejo Federal de Educaci\u00f3n. Adem\u00e1s, se acord\u00f3 incrementar los tiempos de ense\u00f1anza para fortalecer la calidad de los aprendizajes desde agosto hasta diciembre.<!--more--><\/p>\n<hr \/>\n<p>El Consejo Federal de Educaci\u00f3n, que re\u00fane a los ministros del \u00e1rea de todas las jurisdicciones de la Argentina, aval\u00f3 este martes por unanimidad la propuesta de <strong>fijar un piso m\u00ednimo de 70% de contenidos aprobados para promocionar de grado o a\u00f1o<\/strong> y que se dicten clases en diciembre de 2021 y febrero y marzo de 2022 para aquellos alumnos y alumnas que necesiten apoyo escolar.<\/p>\n<p>&nbsp;<\/p>\n<p>La decisi\u00f3n se tom\u00f3 durante un <strong>encuentro de los ministros de Educaci\u00f3n de todo el pa\u00eds<\/strong> este martes, que encabez\u00f3 el titular de la cartera nacional, Nicol\u00e1s Trotta.<\/p>\n<p>&nbsp;<\/p>\n<p>Otro \u00edtem de la resoluci\u00f3n aprobada es el<strong> incremento de los tiempos de ense\u00f1anza<\/strong> para fortalecer la calidad de los aprendizajes desde agosto hasta diciembre y ese mes y febrero y marzo del 2022 dictar clases de apoyo para estudiantes que lo requieran.<\/p>\n<p>&nbsp;<\/p>\n<p>La idea es que los estudiantes que hayan tenido trayectorias intermitentes o de baja intensidad debido a la implementaci\u00f3n de clases virtuales por la pandemia de coronavirus, y que necesitan m\u00e1s tiempo y m\u00e1s acompa\u00f1amiento para apropiarse de los aprendizajes requeridos, tengan<strong> instancias espec\u00edficas de intensificaci\u00f3n de la ense\u00f1anza.<\/strong><\/p>\n<p>&nbsp;<\/p>\n<p>En este aspecto se incorporan los per\u00edodos de dictado de clases con los estudiantes que terminen sala de 5 en el nivel inicial, sexto o s\u00e9ptimo grado de la primaria; y quinto, sexto o s\u00e9ptimo a\u00f1o de la secundaria, seg\u00fan se indic\u00f3.<\/p>\n<p>&nbsp;<\/p>\n<blockquote><p>Las provincias, para alcanzar estos acuerdos, deber\u00e1n finalizar al 31 de agosto un relevamiento de las trayectorias escolares del alumnado.<\/p><\/blockquote>\n<p>&nbsp;<\/p>\n<p>En ese relevamiento las provincias deber\u00e1n<em> \u201cidentificar de manera precisa a aquellos que tuvieron continuidad sostenida, a quienes presentaron trayectorias intermitentes y a quienes alcanzaron una vinculaci\u00f3n de baja intensidad\u201d.<\/em><\/p>\n<p>&nbsp;<\/p>\n<p>Tambi\u00e9n se deber\u00e1 contar con un<strong> registro nominalizado de estudiantes desvinculados.<\/strong><\/p>\n<p>&nbsp;<\/p>\n<p><strong>Presencialidad<\/strong><\/p>\n<p>&nbsp;<\/p>\n<p>Por otra parte, Trotta tambi\u00e9n advirti\u00f3 que el aumento de la presencialidad escolar debe ser de acuerdo a <em>\u201clas recomendaciones de los especialistas\u201d<\/em> y afirm\u00f3 que se establecen protocolos y condiciones para<em> \u201cno poner en riesgo a nuestros estudiantes y a nuestra comunidad educativa\u201d<\/em>, en el marco de la pandemia de coronavirus.<\/p>\n<p>&nbsp;<\/p>\n<p><em>\u201cLos procesos de aprendizaje<strong> siempre son heterog\u00e9neos<\/strong>, ahora lo han sido mucho m\u00e1s en el marco de la pandemia porque la no presencialidad es condicionada adicionalmente por la realidad social en la que est\u00e1 cada uno de los chicos\u201d<\/em>, concluy\u00f3.<\/p>\n<p>&nbsp;<\/p>\n<p>Fuente: (DIB) MM<\/p>\n","protected":false},"excerpt":{"rendered":"<p>El piso m\u00ednimo fue avalado por el Consejo Federal de Educaci\u00f3n. Adem\u00e1s, se acord\u00f3 incrementar los tiempos de ense\u00f1anza para<\/p>\n","protected":false},"author":5,"featured_media":3454,"comment_status":"closed","ping_status":"closed","sticky":false,"template":"","format":"standard","meta":{"_jetpack_memberships_contains_paid_content":false,"footnotes":""},"categories":[6],"tags":[],"class_list":["post-27145","post","type-post","status-publish","format-standard","has-post-thumbnail","hentry","category-nacionales"],"jetpack_featured_media_url":"https:\/\/i0.wp.com\/cdnoticias.com\/wp-content\/uploads\/2020\/10\/Nuevo-paisaje.jpg?fit=2500%2C1373&ssl=1","jetpack_sharing_enabled":true,"_links":{"self":[{"href":"https:\/\/cdnoticias.com\/index.php\/wp-json\/wp\/v2\/posts\/27145","targetHints":{"allow":["GET"]}}],"collection":[{"href":"https:\/\/cdnoticias.com\/index.php\/wp-json\/wp\/v2\/posts"}],"about":[{"href":"https:\/\/cdnoticias.com\/index.php\/wp-json\/wp\/v2\/types\/post"}],"author":[{"embeddable":true,"href":"https:\/\/cdnoticias.com\/index.php\/wp-json\/wp\/v2\/users\/5"}],"replies":[{"embeddable":true,"href":"https:\/\/cdnoticias.com\/index.php\/wp-json\/wp\/v2\/comments?post=27145"}],"version-history":[{"count":0,"href":"https:\/\/cdnoticias.com\/index.php\/wp-json\/wp\/v2\/posts\/27145\/revisions"}],"wp:featuredmedia":[{"embeddable":true,"href":"https:\/\/cdnoticias.com\/index.php\/wp-json\/wp\/v2\/media\/3454"}],"wp:attachment":[{"href":"https:\/\/cdnoticias.com\/index.php\/wp-json\/wp\/v2\/media?parent=27145"}],"wp:term":[{"taxonomy":"category","embeddable":true,"href":"https:\/\/cdnoticias.com\/index.php\/wp-json\/wp\/v2\/categories?post=27145"},{"taxonomy":"post_tag","embeddable":true,"href":"https:\/\/cdnoticias.com\/index.php\/wp-json\/wp\/v2\/tags?post=27145"}],"curies":[{"name":"wp","href":"https:\/\/api.w.org\/{rel}","templated":true}]}}