{"id":27126,"date":"2021-07-20T13:38:41","date_gmt":"2021-07-20T16:38:41","guid":{"rendered":"http:\/\/www.centraldenoticias.com.ar\/?p=27126"},"modified":"2021-07-20T16:24:15","modified_gmt":"2021-07-20T19:24:15","slug":"denuncia-por-el-quite-de-colaboracion-en-el-hospital-hubo-mala-intencion-de-algunos-medicos","status":"publish","type":"post","link":"https:\/\/cdnoticias.com\/index.php\/2021\/07\/20\/denuncia-por-el-quite-de-colaboracion-en-el-hospital-hubo-mala-intencion-de-algunos-medicos\/","title":{"rendered":"Denuncia por el quite de colaboraci\u00f3n en el Hospital: &#8220;hubo mala intenci\u00f3n de algunos m\u00e9dicos\u201d"},"content":{"rendered":"<p>Lo defini\u00f3 Jos\u00e9 Stuppia en la conferencia que este martes brind\u00f3 para confirmar el cierre de la paritaria. Cuestionaron la intervenci\u00f3n de la Polic\u00eda Federal.<!--more--><\/p>\n<hr \/>\n<p><a href=\"https:\/\/cdnoticias.com\/index.php\/2021\/07\/20\/municipales-confirmaron-acuerdo-paritario-del-501-anual\/\" target=\"_blank\" rel=\"noopener\">Durante la conferencia en la que se anunci\u00f3 el cierre de la negociaci\u00f3n paritaria<\/a> de los municipales, <strong>Jos\u00e9 Stuppia indic\u00f3 que el acuerdo se retras\u00f3 \u201cporque tomamos lectura de una causa\u201d<\/strong>. Se trata de una denuncia penal que se present\u00f3 durante el fin de semana por parte de personal m\u00e9dico del Hospital en el marco de la medida de fuerza de los trabajadores, el quite de colaboraci\u00f3n, que deriv\u00f3 en que el personal de limpieza redujera sus actividades.<\/p>\n<p>&nbsp;<\/p>\n<blockquote><p>Mencion\u00f3 una \u201csituaci\u00f3n\u201d con las s\u00e1banas en referencia a las declaraciones p\u00fablicas de dos m\u00e9dicas acerca del faltante de este insumo en el Hospital, y se\u00f1al\u00f3 que eso lleg\u00f3 a la denuncia penal en la Justicia. &#8220;Hubo mala intenci\u00f3n de algunos m\u00e9dicos para que la sociedad se ponga en contra de los trabajadores&#8221; dijo el secretario general.<\/p><\/blockquote>\n<p>&nbsp;<\/p>\n<p>En la misma l\u00ednea, la abogada Luisina Stuppia explic\u00f3 la denuncia y dijo que<strong> es \u201ccontra los empleados por impedir el normal funcionamiento del Hospital\u201d<\/strong>.<\/p>\n<p>&nbsp;<\/p>\n<p><img data-recalc-dims=\"1\" loading=\"lazy\" decoding=\"async\" class=\"size-large wp-image-27118 aligncenter\" src=\"https:\/\/i0.wp.com\/cdnoticias.com\/wp-content\/uploads\/2021\/07\/conferencia-municipales.jpg?resize=800%2C445&#038;ssl=1\" alt=\"\" width=\"800\" height=\"445\" srcset=\"https:\/\/i0.wp.com\/cdnoticias.com\/wp-content\/uploads\/2021\/07\/conferencia-municipales.jpg?resize=1024%2C570&amp;ssl=1 1024w, https:\/\/i0.wp.com\/cdnoticias.com\/wp-content\/uploads\/2021\/07\/conferencia-municipales.jpg?resize=300%2C167&amp;ssl=1 300w, https:\/\/i0.wp.com\/cdnoticias.com\/wp-content\/uploads\/2021\/07\/conferencia-municipales.jpg?resize=768%2C427&amp;ssl=1 768w, https:\/\/i0.wp.com\/cdnoticias.com\/wp-content\/uploads\/2021\/07\/conferencia-municipales.jpg?resize=800%2C445&amp;ssl=1 800w, https:\/\/i0.wp.com\/cdnoticias.com\/wp-content\/uploads\/2021\/07\/conferencia-municipales.jpg?w=1280&amp;ssl=1 1280w\" sizes=\"auto, (max-width: 800px) 100vw, 800px\" \/><\/p>\n<p>&nbsp;<\/p>\n<p>Habl\u00f3 de la<strong> actuaci\u00f3n de la Polic\u00eda Federal<\/strong> que tom\u00f3 intervenci\u00f3n en el caso y expres\u00f3 que fue <strong>de forma &#8220;abusiva&#8221; que acudieron al centro de salud a interrogar a los trabajadores<\/strong>. M\u00e1s adelante, otra de las dirigentes del sindicato, Marisa Luna, dio detalles de las preguntas y forma de contacto de los efectivos policiales que actuaron en el centro de salud.<\/p>\n<p>&nbsp;<\/p>\n<blockquote><p>El secretario general del gremio confirm\u00f3 que la denuncia puso en riesgo el acuerdo paritario &#8220;porque es por extorsi\u00f3n&#8221; calific\u00f3.<\/p><\/blockquote>\n<p>&nbsp;<\/p>\n<p><strong>Se hab\u00eda organizado la firma para el lunes<\/strong>, pero finalmente ser\u00e1 este martes.<\/p>\n<p>&nbsp;<\/p>\n<p><img data-recalc-dims=\"1\" loading=\"lazy\" decoding=\"async\" class=\"size-large wp-image-27119 aligncenter\" src=\"https:\/\/i0.wp.com\/cdnoticias.com\/wp-content\/uploads\/2021\/07\/conferencia-municipales1.jpg?resize=800%2C445&#038;ssl=1\" alt=\"\" width=\"800\" height=\"445\" srcset=\"https:\/\/i0.wp.com\/cdnoticias.com\/wp-content\/uploads\/2021\/07\/conferencia-municipales1.jpg?resize=1024%2C570&amp;ssl=1 1024w, https:\/\/i0.wp.com\/cdnoticias.com\/wp-content\/uploads\/2021\/07\/conferencia-municipales1.jpg?resize=300%2C167&amp;ssl=1 300w, https:\/\/i0.wp.com\/cdnoticias.com\/wp-content\/uploads\/2021\/07\/conferencia-municipales1.jpg?resize=768%2C427&amp;ssl=1 768w, https:\/\/i0.wp.com\/cdnoticias.com\/wp-content\/uploads\/2021\/07\/conferencia-municipales1.jpg?resize=800%2C445&amp;ssl=1 800w, https:\/\/i0.wp.com\/cdnoticias.com\/wp-content\/uploads\/2021\/07\/conferencia-municipales1.jpg?w=1600&amp;ssl=1 1600w\" sizes=\"auto, (max-width: 800px) 100vw, 800px\" \/><\/p>\n<p>&nbsp;<\/p>\n<p>En cuanto a la respuesta del Ejecutivo al quite de colaboraci\u00f3n de los trabajadores, otro de miembros de la comisi\u00f3n directiva del Sindicato, Pablo Cardozo, dijo que <strong>&#8220;mandaron a los concejales, a los funcionarios a hacer cosas cuando los compa\u00f1eros lo saben hacer bien&#8221;<\/strong>. &#8220;\u00bfQui\u00e9nes son los malos de la pel\u00edcula, los pol\u00edticos o nosotros?&#8221; se pregunt\u00f3 a continuaci\u00f3n.<\/p>\n<p>&nbsp;<\/p>\n<blockquote><p>Finalmente, Stuppia dijo que esta \u201ccolaboraci\u00f3n\u201d de los funcionarios y concejales del oficialismo \u201crompi\u00f3 todas las barreras epidemiol\u00f3gicas&#8221; y la abogada Luisina Stuppia complement\u00f3: \u201cfue en el af\u00e1n de colaborar, pero desacredita el trabajo del personal de limpieza\u201d.<\/p><\/blockquote>\n<p>&nbsp;<\/p>\n<p>Para cerrar, se reforz\u00f3 la cr\u00edtica sobre todo a los concejales que participaron la semana pasada de una \u201cjornada de limpieza\u201d del centro de Salud y Pablo D\u00edaz cerr\u00f3 al afirmar que <strong>\u201ces preferible tener un hospital sucio a uno contaminado\u201d<\/strong>.<\/p>\n","protected":false},"excerpt":{"rendered":"<p>Lo defini\u00f3 Jos\u00e9 Stuppia en la conferencia que este martes brind\u00f3 para confirmar el cierre de la paritaria. Cuestionaron la<\/p>\n","protected":false},"author":4,"featured_media":27117,"comment_status":"closed","ping_status":"closed","sticky":false,"template":"","format":"standard","meta":{"_jetpack_memberships_contains_paid_content":false,"footnotes":""},"categories":[5,1],"tags":[],"class_list":["post-27126","post","type-post","status-publish","format-standard","has-post-thumbnail","hentry","category-informacion-general","category-portada"],"jetpack_featured_media_url":"https:\/\/i0.wp.com\/cdnoticias.com\/wp-content\/uploads\/2021\/07\/conferencia-municipales4.jpg?fit=1600%2C890&ssl=1","jetpack_sharing_enabled":true,"_links":{"self":[{"href":"https:\/\/cdnoticias.com\/index.php\/wp-json\/wp\/v2\/posts\/27126","targetHints":{"allow":["GET"]}}],"collection":[{"href":"https:\/\/cdnoticias.com\/index.php\/wp-json\/wp\/v2\/posts"}],"about":[{"href":"https:\/\/cdnoticias.com\/index.php\/wp-json\/wp\/v2\/types\/post"}],"author":[{"embeddable":true,"href":"https:\/\/cdnoticias.com\/index.php\/wp-json\/wp\/v2\/users\/4"}],"replies":[{"embeddable":true,"href":"https:\/\/cdnoticias.com\/index.php\/wp-json\/wp\/v2\/comments?post=27126"}],"version-history":[{"count":0,"href":"https:\/\/cdnoticias.com\/index.php\/wp-json\/wp\/v2\/posts\/27126\/revisions"}],"wp:featuredmedia":[{"embeddable":true,"href":"https:\/\/cdnoticias.com\/index.php\/wp-json\/wp\/v2\/media\/27117"}],"wp:attachment":[{"href":"https:\/\/cdnoticias.com\/index.php\/wp-json\/wp\/v2\/media?parent=27126"}],"wp:term":[{"taxonomy":"category","embeddable":true,"href":"https:\/\/cdnoticias.com\/index.php\/wp-json\/wp\/v2\/categories?post=27126"},{"taxonomy":"post_tag","embeddable":true,"href":"https:\/\/cdnoticias.com\/index.php\/wp-json\/wp\/v2\/tags?post=27126"}],"curies":[{"name":"wp","href":"https:\/\/api.w.org\/{rel}","templated":true}]}}