{"id":27124,"date":"2021-07-20T13:13:23","date_gmt":"2021-07-20T16:13:23","guid":{"rendered":"http:\/\/www.centraldenoticias.com.ar\/?p=27124"},"modified":"2021-07-20T13:13:23","modified_gmt":"2021-07-20T16:13:23","slug":"lilia-susana-roman-viuda-de-renero-q-e-p-d","status":"publish","type":"post","link":"https:\/\/cdnoticias.com\/index.php\/2021\/07\/20\/lilia-susana-roman-viuda-de-renero-q-e-p-d\/","title":{"rendered":"Lilia Susana Rom\u00e1n viuda de Renero (Q.E.P.D.)"},"content":{"rendered":"<p>Falleci\u00f3 en Olavarr\u00eda el 20 de Julio de 2021 a los 82 a\u00f1os. Sus hijos Pedro y Roberto Renero; sus hijas pol\u00edticas: Ana y Gabriela; sus nietos Mat\u00edas, Analaura, Leandro, Roc\u00edo y Agustina; su nieto pol\u00edtico Ariel; sus hermanos Juan Ram\u00f3n, Mar\u00eda Luisa y Zulema; Rom\u00e1n e Irma Renero; Angelita y Porota; sus sobrinos, sobrinos pol\u00edticos y dem\u00e1s deudos participan su fallecimiento.<\/p>\n<p>&nbsp;<\/p>\n<p>Sus restos ser\u00e1n velados en la Sala de Espa\u00f1a 2942, departamento \u201cD\u201d este mi\u00e9rcoles a partir de las 07:30 horas e inhumados en el Cementerio Loma de Paz, previo responso en la Capilla Ardiente, a las 09:30. Nacida en Olavarr\u00eda, vecina de barrio Jard\u00edn, jubilada y pensionada.<\/p>\n","protected":false},"excerpt":{"rendered":"<p>Falleci\u00f3 en Olavarr\u00eda el 20 de Julio de 2021 a los 82 a\u00f1os. Sus hijos Pedro y Roberto Renero; sus<\/p>\n","protected":false},"author":2,"featured_media":0,"comment_status":"closed","ping_status":"closed","sticky":false,"template":"","format":"standard","meta":{"_jetpack_memberships_contains_paid_content":false,"footnotes":""},"categories":[10],"tags":[],"class_list":["post-27124","post","type-post","status-publish","format-standard","hentry","category-necrologicas"],"jetpack_featured_media_url":"","jetpack_sharing_enabled":true,"_links":{"self":[{"href":"https:\/\/cdnoticias.com\/index.php\/wp-json\/wp\/v2\/posts\/27124","targetHints":{"allow":["GET"]}}],"collection":[{"href":"https:\/\/cdnoticias.com\/index.php\/wp-json\/wp\/v2\/posts"}],"about":[{"href":"https:\/\/cdnoticias.com\/index.php\/wp-json\/wp\/v2\/types\/post"}],"author":[{"embeddable":true,"href":"https:\/\/cdnoticias.com\/index.php\/wp-json\/wp\/v2\/users\/2"}],"replies":[{"embeddable":true,"href":"https:\/\/cdnoticias.com\/index.php\/wp-json\/wp\/v2\/comments?post=27124"}],"version-history":[{"count":0,"href":"https:\/\/cdnoticias.com\/index.php\/wp-json\/wp\/v2\/posts\/27124\/revisions"}],"wp:attachment":[{"href":"https:\/\/cdnoticias.com\/index.php\/wp-json\/wp\/v2\/media?parent=27124"}],"wp:term":[{"taxonomy":"category","embeddable":true,"href":"https:\/\/cdnoticias.com\/index.php\/wp-json\/wp\/v2\/categories?post=27124"},{"taxonomy":"post_tag","embeddable":true,"href":"https:\/\/cdnoticias.com\/index.php\/wp-json\/wp\/v2\/tags?post=27124"}],"curies":[{"name":"wp","href":"https:\/\/api.w.org\/{rel}","templated":true}]}}