{"id":27089,"date":"2021-07-19T21:27:51","date_gmt":"2021-07-20T00:27:51","guid":{"rendered":"http:\/\/www.centraldenoticias.com.ar\/?p=27089"},"modified":"2021-07-20T08:46:31","modified_gmt":"2021-07-20T11:46:31","slug":"violento-accidente-en-ruta-226-un-auto-choco-a-una-vaca","status":"publish","type":"post","link":"https:\/\/cdnoticias.com\/index.php\/2021\/07\/19\/violento-accidente-en-ruta-226-un-auto-choco-a-una-vaca\/","title":{"rendered":"Violento accidente en Ruta 226: un auto choc\u00f3 a una vaca"},"content":{"rendered":"<p>El violento siniestro vial se produjo a la altura del kil\u00f3metro 280, a pocos kil\u00f3metros de Hinojo. Sus tripulantes debieron ser hospitalizados.\u00a0<!--more--><\/p>\n<hr \/>\n<p>En la noche de este lunes,<strong> un violento accidente entre un auto y un animal sobre la autov\u00eda de Ruta 226 dej\u00f3 como saldo a los tripulantes del veh\u00edculo siendo trasladados al Hospital Municipal para evaluar sus heridas.<\/strong><\/p>\n<p>&nbsp;<\/p>\n<p>Las causas del accidente todav\u00eda se encuentran en investigaci\u00f3n. Lo concreto es que <strong>el auto, un Toyota Corolla, impact\u00f3 contra el animal que estaba en el camino produci\u00e9ndose el violento accidente. El hecho se produjo en el kil\u00f3metro 280, a 4 kil\u00f3metros del peaje de Hinojo.<\/strong><\/p>\n<p>&nbsp;<\/p>\n<p><img data-recalc-dims=\"1\" loading=\"lazy\" decoding=\"async\" class=\"alignnone size-large wp-image-27091\" src=\"https:\/\/i0.wp.com\/cdnoticias.com\/wp-content\/uploads\/2021\/07\/choque2-1.jpg?resize=800%2C512&#038;ssl=1\" alt=\"\" width=\"800\" height=\"512\" srcset=\"https:\/\/i0.wp.com\/cdnoticias.com\/wp-content\/uploads\/2021\/07\/choque2-1.jpg?resize=1024%2C655&amp;ssl=1 1024w, https:\/\/i0.wp.com\/cdnoticias.com\/wp-content\/uploads\/2021\/07\/choque2-1.jpg?resize=300%2C192&amp;ssl=1 300w, https:\/\/i0.wp.com\/cdnoticias.com\/wp-content\/uploads\/2021\/07\/choque2-1.jpg?resize=768%2C491&amp;ssl=1 768w, https:\/\/i0.wp.com\/cdnoticias.com\/wp-content\/uploads\/2021\/07\/choque2-1.jpg?w=1200&amp;ssl=1 1200w\" sizes=\"auto, (max-width: 800px) 100vw, 800px\" \/><\/p>\n<p>&nbsp;<\/p>\n<blockquote><p>Los ocupantes del veh\u00edculo, oriundos de la localidad de Cachar\u00ed, fueron trasladados solo por precauci\u00f3n al Hospital Municipal para ser evaluados, aunque sus heridas en principio no revest\u00edan gravedad.<\/p><\/blockquote>\n<p>&nbsp;<\/p>\n<p><strong>La circulaci\u00f3n, cabe se\u00f1alar, se encuentra reducida en el sector e intervino personal de la subcomisar\u00eda de Hinojo<\/strong> en el trabajo para asistir a los accidentados.<\/p>\n","protected":false},"excerpt":{"rendered":"<p>El violento siniestro vial se produjo a la altura del kil\u00f3metro 280, a pocos kil\u00f3metros de Hinojo. Sus tripulantes debieron<\/p>\n","protected":false},"author":2,"featured_media":27090,"comment_status":"closed","ping_status":"closed","sticky":false,"template":"","format":"standard","meta":{"_jetpack_memberships_contains_paid_content":false,"footnotes":""},"categories":[14,1],"tags":[],"class_list":["post-27089","post","type-post","status-publish","format-standard","has-post-thumbnail","hentry","category-policiales","category-portada"],"jetpack_featured_media_url":"https:\/\/i0.wp.com\/cdnoticias.com\/wp-content\/uploads\/2021\/07\/choque1-1.jpg?fit=1600%2C1076&ssl=1","jetpack_sharing_enabled":true,"_links":{"self":[{"href":"https:\/\/cdnoticias.com\/index.php\/wp-json\/wp\/v2\/posts\/27089","targetHints":{"allow":["GET"]}}],"collection":[{"href":"https:\/\/cdnoticias.com\/index.php\/wp-json\/wp\/v2\/posts"}],"about":[{"href":"https:\/\/cdnoticias.com\/index.php\/wp-json\/wp\/v2\/types\/post"}],"author":[{"embeddable":true,"href":"https:\/\/cdnoticias.com\/index.php\/wp-json\/wp\/v2\/users\/2"}],"replies":[{"embeddable":true,"href":"https:\/\/cdnoticias.com\/index.php\/wp-json\/wp\/v2\/comments?post=27089"}],"version-history":[{"count":0,"href":"https:\/\/cdnoticias.com\/index.php\/wp-json\/wp\/v2\/posts\/27089\/revisions"}],"wp:featuredmedia":[{"embeddable":true,"href":"https:\/\/cdnoticias.com\/index.php\/wp-json\/wp\/v2\/media\/27090"}],"wp:attachment":[{"href":"https:\/\/cdnoticias.com\/index.php\/wp-json\/wp\/v2\/media?parent=27089"}],"wp:term":[{"taxonomy":"category","embeddable":true,"href":"https:\/\/cdnoticias.com\/index.php\/wp-json\/wp\/v2\/categories?post=27089"},{"taxonomy":"post_tag","embeddable":true,"href":"https:\/\/cdnoticias.com\/index.php\/wp-json\/wp\/v2\/tags?post=27089"}],"curies":[{"name":"wp","href":"https:\/\/api.w.org\/{rel}","templated":true}]}}