{"id":27076,"date":"2021-07-19T19:48:56","date_gmt":"2021-07-19T22:48:56","guid":{"rendered":"http:\/\/www.centraldenoticias.com.ar\/?p=27076"},"modified":"2021-07-19T19:48:56","modified_gmt":"2021-07-19T22:48:56","slug":"vacunacion-en-la-provincia-abren-inscripcion-para-menores-de-13-a-17-anos","status":"publish","type":"post","link":"https:\/\/cdnoticias.com\/index.php\/2021\/07\/19\/vacunacion-en-la-provincia-abren-inscripcion-para-menores-de-13-a-17-anos\/","title":{"rendered":"Vacunaci\u00f3n en la provincia: abren inscripci\u00f3n para menores de 13 a 17 a\u00f1os"},"content":{"rendered":"<p>Lo anunci\u00f3 este lunes el gobernador Axel Kicillof en conferencia. Explic\u00f3 que \u201ctodav\u00eda no contamos con vacunas habilitadas\u201d pero que \u201cestamos prepar\u00e1ndonos para poder dise\u00f1ar la log\u00edstica&#8221;.<\/p>\n<p><!--more--><\/p>\n<hr \/>\n<p>&nbsp;<\/p>\n<p>El gobernador <strong>Axel Kicillof<\/strong> anunci\u00f3 en la tarde de este lunes la apertura de <strong>inscripci\u00f3n para la vacunaci\u00f3n contra el coronavirus para menores de entre 13 y 17 a\u00f1os<\/strong> y la<strong> inmunizaci\u00f3n libre para mayores de 30 a\u00f1os<\/strong> en todo el territorio provincial.<\/p>\n<p>&nbsp;<\/p>\n<p>El anuncio se realiz\u00f3 en el marco de la<strong> comunicaci\u00f3n de nuevas medidas<\/strong> respecto a la <a href=\"https:\/\/cdnoticias.com\/index.php\/2021\/07\/19\/amplian-los-aforos-en-espacio-cerrados-solo-para-quienes-esten-vacunados\/\">expansi\u00f3n de los aforos para las actividades en espacios cerrados solo para personas que est\u00e9n vacunadas con la primera dosis.<\/a><\/p>\n<p>&nbsp;<\/p>\n<p>El mandatario encabez\u00f3 una <strong>conferencia de prensa desde La Plata<\/strong> junto al jefe de Gabinete provincial, <strong>Carlos Bianco<\/strong>, y al ministro de Salud, <strong>Daniel Gollan<\/strong>. All\u00ed inform\u00f3 que \u201cestamos, a partir de hoy, <strong>abriendo la inscripci\u00f3n para chicos y chicas de entre 13 y 17 a\u00f1os<\/strong>\u201d en <strong>Vacunate Buenos Aires.<\/strong><\/p>\n<p>&nbsp;<\/p>\n<p>Kicillof aclar\u00f3 que la inscripci\u00f3n para este grupo est\u00e1 orientada \u201c<strong>particularmente para quienes tienen comorbilidades<\/strong>\u201d y record\u00f3 que actualmente <strong>Argentina cuenta con \u201cdos vacunas candidatas para menores de 18<\/strong> a\u00f1os todav\u00eda no aprobadas\u201d (las dosis de <strong>Moderna y Sinopharm<\/strong>).<\/p>\n<p>&nbsp;<\/p>\n<p>Subray\u00f3 que \u201c<strong>todav\u00eda no contamos con vacunas habilitadas<\/strong>\u201d, pero que \u201c<strong>estamos prepar\u00e1ndonos<\/strong> para poder dise\u00f1ar la log\u00edstica\u201d para \u201ccuando contemos con la aprobaci\u00f3n\u201d de las vacunas. \u201cNos interesa especialmente <strong>comenzar por aquellos que tengan alg\u00fan riesgo espec\u00edfico<\/strong> por comorbilidades\u201d, explic\u00f3.<\/p>\n<p>&nbsp;<\/p>\n<p>En este marco, anunci\u00f3 tambi\u00e9n que otros<strong> diez municipios se agregaron a las \u201cciudades bonaerenses protegidas\u201d<\/strong>, ya que la <strong>vacunaci\u00f3n con la primera dosis \u201csupera al 95% de los inscriptos\u201d<\/strong> y \u201c<strong>al 90% de toda la poblaci\u00f3n<\/strong> en condiciones de vacunarse desde los 18 a\u00f1os\u201d.<\/p>\n<p><img data-recalc-dims=\"1\" loading=\"lazy\" decoding=\"async\" class=\"aligncenter wp-image-27079 size-large\" src=\"https:\/\/i0.wp.com\/cdnoticias.com\/wp-content\/uploads\/2021\/07\/13365972-342d-49a6-93c0-62fe234b621a.jpg?resize=800%2C800&#038;ssl=1\" alt=\"\" width=\"800\" height=\"800\" srcset=\"https:\/\/i0.wp.com\/cdnoticias.com\/wp-content\/uploads\/2021\/07\/13365972-342d-49a6-93c0-62fe234b621a.jpg?resize=1024%2C1024&amp;ssl=1 1024w, https:\/\/i0.wp.com\/cdnoticias.com\/wp-content\/uploads\/2021\/07\/13365972-342d-49a6-93c0-62fe234b621a.jpg?resize=150%2C150&amp;ssl=1 150w, https:\/\/i0.wp.com\/cdnoticias.com\/wp-content\/uploads\/2021\/07\/13365972-342d-49a6-93c0-62fe234b621a.jpg?resize=300%2C300&amp;ssl=1 300w, https:\/\/i0.wp.com\/cdnoticias.com\/wp-content\/uploads\/2021\/07\/13365972-342d-49a6-93c0-62fe234b621a.jpg?resize=768%2C767&amp;ssl=1 768w, https:\/\/i0.wp.com\/cdnoticias.com\/wp-content\/uploads\/2021\/07\/13365972-342d-49a6-93c0-62fe234b621a.jpg?w=1280&amp;ssl=1 1280w\" sizes=\"auto, (max-width: 800px) 100vw, 800px\" \/><img data-recalc-dims=\"1\" loading=\"lazy\" decoding=\"async\" class=\"aligncenter wp-image-27078 size-large\" src=\"https:\/\/i0.wp.com\/cdnoticias.com\/wp-content\/uploads\/2021\/07\/d5ee48fb-0110-4388-945c-a05ff401bcf5.jpg?resize=800%2C800&#038;ssl=1\" alt=\"\" width=\"800\" height=\"800\" srcset=\"https:\/\/i0.wp.com\/cdnoticias.com\/wp-content\/uploads\/2021\/07\/d5ee48fb-0110-4388-945c-a05ff401bcf5.jpg?resize=1024%2C1024&amp;ssl=1 1024w, https:\/\/i0.wp.com\/cdnoticias.com\/wp-content\/uploads\/2021\/07\/d5ee48fb-0110-4388-945c-a05ff401bcf5.jpg?resize=150%2C150&amp;ssl=1 150w, https:\/\/i0.wp.com\/cdnoticias.com\/wp-content\/uploads\/2021\/07\/d5ee48fb-0110-4388-945c-a05ff401bcf5.jpg?resize=300%2C300&amp;ssl=1 300w, https:\/\/i0.wp.com\/cdnoticias.com\/wp-content\/uploads\/2021\/07\/d5ee48fb-0110-4388-945c-a05ff401bcf5.jpg?resize=768%2C768&amp;ssl=1 768w, https:\/\/i0.wp.com\/cdnoticias.com\/wp-content\/uploads\/2021\/07\/d5ee48fb-0110-4388-945c-a05ff401bcf5.jpg?w=1280&amp;ssl=1 1280w\" sizes=\"auto, (max-width: 800px) 100vw, 800px\" \/><\/p>\n<p>&nbsp;<\/p>\n<p>Se trata de Coronel Dorrego, Bol\u00edvar, Lincoln, Trenque Lauquen, Chascom\u00fas, Ramallo, Exaltaci\u00f3n de la Cruz, Lobos, Patagones y Saavedra. De esta manera, <strong>son 79 los distritos \u201cprotegidos\u201d<\/strong>. En estos municipios \u201clos vacunatorios contin\u00faan abiertos y <strong>la vacuna es libre para todos los grupos<\/strong>, es decir para todos los mayores de 18 a\u00f1os\u201d, cont\u00f3 el Gobernador.<\/p>\n<p>&nbsp;<\/p>\n<p>Finalmente, Kicillof anunci\u00f3 que <strong>desde este martes se abre la vacunaci\u00f3n libre para mayores de 30 a\u00f1os en todo el territorio provincial<\/strong>. \u201c<strong>En cualquier vacunatorio, concurriendo con el documento<\/strong>, mayores de 30 a\u00f1os ya pueden acceder a la primera dosis de la vacuna\u201d, indic\u00f3.<\/p>\n<p>&nbsp;<\/p>\n<p><em>Fuente: DIB<\/em><\/p>\n","protected":false},"excerpt":{"rendered":"<p>Lo anunci\u00f3 este lunes el gobernador Axel Kicillof en conferencia. Explic\u00f3 que \u201ctodav\u00eda no contamos con vacunas habilitadas\u201d pero que<\/p>\n","protected":false},"author":6,"featured_media":27077,"comment_status":"closed","ping_status":"closed","sticky":false,"template":"","format":"standard","meta":{"_jetpack_memberships_contains_paid_content":false,"footnotes":""},"categories":[6,1],"tags":[],"class_list":["post-27076","post","type-post","status-publish","format-standard","has-post-thumbnail","hentry","category-nacionales","category-portada"],"jetpack_featured_media_url":"https:\/\/i0.wp.com\/cdnoticias.com\/wp-content\/uploads\/2021\/07\/confe.jpg?fit=807%2C414&ssl=1","jetpack_sharing_enabled":true,"_links":{"self":[{"href":"https:\/\/cdnoticias.com\/index.php\/wp-json\/wp\/v2\/posts\/27076","targetHints":{"allow":["GET"]}}],"collection":[{"href":"https:\/\/cdnoticias.com\/index.php\/wp-json\/wp\/v2\/posts"}],"about":[{"href":"https:\/\/cdnoticias.com\/index.php\/wp-json\/wp\/v2\/types\/post"}],"author":[{"embeddable":true,"href":"https:\/\/cdnoticias.com\/index.php\/wp-json\/wp\/v2\/users\/6"}],"replies":[{"embeddable":true,"href":"https:\/\/cdnoticias.com\/index.php\/wp-json\/wp\/v2\/comments?post=27076"}],"version-history":[{"count":0,"href":"https:\/\/cdnoticias.com\/index.php\/wp-json\/wp\/v2\/posts\/27076\/revisions"}],"wp:featuredmedia":[{"embeddable":true,"href":"https:\/\/cdnoticias.com\/index.php\/wp-json\/wp\/v2\/media\/27077"}],"wp:attachment":[{"href":"https:\/\/cdnoticias.com\/index.php\/wp-json\/wp\/v2\/media?parent=27076"}],"wp:term":[{"taxonomy":"category","embeddable":true,"href":"https:\/\/cdnoticias.com\/index.php\/wp-json\/wp\/v2\/categories?post=27076"},{"taxonomy":"post_tag","embeddable":true,"href":"https:\/\/cdnoticias.com\/index.php\/wp-json\/wp\/v2\/tags?post=27076"}],"curies":[{"name":"wp","href":"https:\/\/api.w.org\/{rel}","templated":true}]}}