{"id":27039,"date":"2021-07-19T14:28:55","date_gmt":"2021-07-19T17:28:55","guid":{"rendered":"http:\/\/www.centraldenoticias.com.ar\/?p=27039"},"modified":"2021-07-19T14:28:55","modified_gmt":"2021-07-19T17:28:55","slug":"seis-escuelas-de-olavarria-participaran-de-programa-futuro-memoria","status":"publish","type":"post","link":"https:\/\/cdnoticias.com\/index.php\/2021\/07\/19\/seis-escuelas-de-olavarria-participaran-de-programa-futuro-memoria\/","title":{"rendered":"Seis escuelas de Olavarr\u00eda participar\u00e1n de Programa \u201cFuturo Memoria\u201d"},"content":{"rendered":"<p>Son establecimientos secundarios de Olavarr\u00eda, Sierra Chica y Espigas. Los estudiantes presentar\u00e1n producciones art\u00edstico-culturales para reflexionar sobre las ideas de Justicia, Verdad y Derechos Humanos.<\/p>\n<p><!--more--><\/p>\n<hr \/>\n<p><strong>Escuelas de Olavarr\u00eda participar\u00e1n de Programa \u201cFuturo Memoria\u201d que invita a reflexionar y crear arte y expresi\u00f3n desde las ideas de Justicia, Verdad y Derechos Humanos<\/strong>.<\/p>\n<p>&nbsp;<\/p>\n<p><strong>Griselda Lemiez, delegada local de la Subsecretar\u00eda de Derechos Humanos bonaerense<\/strong>, inform\u00f3 que son seis las Escuelas de educaci\u00f3n secundaria de la ciudad que tomar\u00e1n parte en el Programa organizado por la Subsecretaria de Derechos Humanos de la Provincia de Buenos Aires, junto a la Direcci\u00f3n Provincial de Juventudes del Ministerio de Desarrollo de la Comunidad.<\/p>\n<p>&nbsp;<\/p>\n<blockquote><p>Del concurso participar\u00e1n representantes del Instituto Nuestra Se\u00f1ora del Rosario, Escuela Secundaria N\u00ba10. (Ex Normal), Escuela Secundaria Mariano Moreno, Escuela Cristiana Evang\u00e9lica (E.C.E.A), Escuela Secundaria N\u00ba17 de Sierra Chica y Escuela Secundaria N\u00ba15 de Espigas.<\/p><\/blockquote>\n<p>&nbsp;<\/p>\n<p><img data-recalc-dims=\"1\" loading=\"lazy\" decoding=\"async\" class=\"aligncenter wp-image-27041\" src=\"https:\/\/i0.wp.com\/cdnoticias.com\/wp-content\/uploads\/2021\/07\/futuro-memoria-1.jpeg?resize=500%2C500&#038;ssl=1\" alt=\"\" width=\"500\" height=\"500\" srcset=\"https:\/\/i0.wp.com\/cdnoticias.com\/wp-content\/uploads\/2021\/07\/futuro-memoria-1.jpeg?resize=1024%2C1024&amp;ssl=1 1024w, https:\/\/i0.wp.com\/cdnoticias.com\/wp-content\/uploads\/2021\/07\/futuro-memoria-1.jpeg?resize=150%2C150&amp;ssl=1 150w, https:\/\/i0.wp.com\/cdnoticias.com\/wp-content\/uploads\/2021\/07\/futuro-memoria-1.jpeg?resize=300%2C300&amp;ssl=1 300w, https:\/\/i0.wp.com\/cdnoticias.com\/wp-content\/uploads\/2021\/07\/futuro-memoria-1.jpeg?resize=768%2C768&amp;ssl=1 768w, https:\/\/i0.wp.com\/cdnoticias.com\/wp-content\/uploads\/2021\/07\/futuro-memoria-1.jpeg?w=1280&amp;ssl=1 1280w\" sizes=\"auto, (max-width: 500px) 100vw, 500px\" \/><\/p>\n<p>&nbsp;<\/p>\n<p>El Programa est\u00e1 destinado a j\u00f3venes de entre 14 y 18 quienes deber\u00e1n <strong>presentar sus producciones art\u00edstico-culturales en los formatos y estilos que deseen<\/strong>: pueden crear canciones, poemas, cuentos, dibujos, muestras fotogr\u00e1ficas, videos, podcasts, entrevistas, historietas, obras de teatro, la intenci\u00f3n es que recurran al lenguaje con el que se sientan m\u00e1s a gusto y consideren el m\u00e1s adecuado para lo que desean contar.<\/p>\n<p>&nbsp;<\/p>\n<p>Por su parte Griselda Lemiez destac\u00f3: \u201cNuevamente <strong>nos llena de orgullo tener 6 escuelas representando a nuestra ciudad en estos concursos, ya que hemos tenido experiencias excelentes en las propuestas anteriores<\/strong>. Tambi\u00e9n quiero destacar todo el trabajo que se hace desde el Gobierno nacional y provincial, ya que m\u00e1s all\u00e1 del trabajo de la Subsecretar\u00eda esto es parte de una decisi\u00f3n pol\u00edtica, el acompa\u00f1amiento que se le est\u00e1 dando a las pol\u00edticas de derechos humanos y sobre todo vinculadas a j\u00f3venes\u201d.<\/p>\n","protected":false},"excerpt":{"rendered":"<p>Son establecimientos secundarios de Olavarr\u00eda, Sierra Chica y Espigas. Los estudiantes presentar\u00e1n producciones art\u00edstico-culturales para reflexionar sobre las ideas de<\/p>\n","protected":false},"author":4,"featured_media":27042,"comment_status":"closed","ping_status":"closed","sticky":false,"template":"","format":"standard","meta":{"_jetpack_memberships_contains_paid_content":false,"footnotes":""},"categories":[9,1],"tags":[],"class_list":["post-27039","post","type-post","status-publish","format-standard","has-post-thumbnail","hentry","category-cultura","category-portada"],"jetpack_featured_media_url":"https:\/\/i0.wp.com\/cdnoticias.com\/wp-content\/uploads\/2021\/07\/futuro-memoria-2.jpeg?fit=1232%2C816&ssl=1","jetpack_sharing_enabled":true,"_links":{"self":[{"href":"https:\/\/cdnoticias.com\/index.php\/wp-json\/wp\/v2\/posts\/27039","targetHints":{"allow":["GET"]}}],"collection":[{"href":"https:\/\/cdnoticias.com\/index.php\/wp-json\/wp\/v2\/posts"}],"about":[{"href":"https:\/\/cdnoticias.com\/index.php\/wp-json\/wp\/v2\/types\/post"}],"author":[{"embeddable":true,"href":"https:\/\/cdnoticias.com\/index.php\/wp-json\/wp\/v2\/users\/4"}],"replies":[{"embeddable":true,"href":"https:\/\/cdnoticias.com\/index.php\/wp-json\/wp\/v2\/comments?post=27039"}],"version-history":[{"count":0,"href":"https:\/\/cdnoticias.com\/index.php\/wp-json\/wp\/v2\/posts\/27039\/revisions"}],"wp:featuredmedia":[{"embeddable":true,"href":"https:\/\/cdnoticias.com\/index.php\/wp-json\/wp\/v2\/media\/27042"}],"wp:attachment":[{"href":"https:\/\/cdnoticias.com\/index.php\/wp-json\/wp\/v2\/media?parent=27039"}],"wp:term":[{"taxonomy":"category","embeddable":true,"href":"https:\/\/cdnoticias.com\/index.php\/wp-json\/wp\/v2\/categories?post=27039"},{"taxonomy":"post_tag","embeddable":true,"href":"https:\/\/cdnoticias.com\/index.php\/wp-json\/wp\/v2\/tags?post=27039"}],"curies":[{"name":"wp","href":"https:\/\/api.w.org\/{rel}","templated":true}]}}