{"id":27024,"date":"2021-07-19T12:16:22","date_gmt":"2021-07-19T15:16:22","guid":{"rendered":"http:\/\/www.centraldenoticias.com.ar\/?p=27024"},"modified":"2021-07-19T12:16:22","modified_gmt":"2021-07-19T15:16:22","slug":"alan-aguirre-con-guillermo-moreno-en-25-de-mayo","status":"publish","type":"post","link":"https:\/\/cdnoticias.com\/index.php\/2021\/07\/19\/alan-aguirre-con-guillermo-moreno-en-25-de-mayo\/","title":{"rendered":"Alan Aguirre, con Guillermo Moreno en 25 de Mayo"},"content":{"rendered":"<p>El candidato a concejal por el espacio del ex secretario de Comercio se mostr\u00f3 con el funcionario en la localidad vecina. \u201cDesembarca el peronismo doctrinario en Olavarr\u00eda\u201d se\u00f1al\u00f3 en un comunicado.\u00a0<!--more--><\/p>\n<hr \/>\n<p>Este viernes, en un \u201cgran plenario peronista\u201d realizado en la localidad de 25 de mayo,<strong> el militante peronista, emprendedor, trabajador municipal y docente olavarriense Alan Aguirre se mostr\u00f3 con el referente del espacio Partido Republicano Federal, Guillermo Moreno, ratificando su candidatura a concejal en Olavarr\u00eda por el espacio.<\/strong><\/p>\n<p>&nbsp;<\/p>\n<p>Adem\u00e1s de Aguirre y Moreno, participaron Jaime Alper (presidente del Partido) y Ariel L\u00f3pez (candidato a senador provincial).<\/p>\n<p>&nbsp;<\/p>\n<p>Aguirre expres\u00f3 mediante un comunicado que <em>\u201clos j\u00f3venes y el pueblo en general perciben que estamos mal, y la expectativa es que vamos a estar peor. El peronismo es el \u00fanico que garantiza la gobernabilidad para la Argentina, tenemos que ofrecerle al pueblo soluciones y no discursos vacios y marketing\u201d.<\/em><\/p>\n<p>&nbsp;<\/p>\n<p><img data-recalc-dims=\"1\" loading=\"lazy\" decoding=\"async\" class=\"alignnone size-full wp-image-27026\" src=\"https:\/\/i0.wp.com\/cdnoticias.com\/wp-content\/uploads\/2021\/07\/WhatsApp-Image-2021-07-19-at-09.53.06-1.jpeg?resize=551%2C446&#038;ssl=1\" alt=\"\" width=\"551\" height=\"446\" srcset=\"https:\/\/i0.wp.com\/cdnoticias.com\/wp-content\/uploads\/2021\/07\/WhatsApp-Image-2021-07-19-at-09.53.06-1.jpeg?w=551&amp;ssl=1 551w, https:\/\/i0.wp.com\/cdnoticias.com\/wp-content\/uploads\/2021\/07\/WhatsApp-Image-2021-07-19-at-09.53.06-1.jpeg?resize=300%2C243&amp;ssl=1 300w\" sizes=\"auto, (max-width: 551px) 100vw, 551px\" \/><\/p>\n<p>&nbsp;<\/p>\n<p>Agreg\u00f3, adem\u00e1s, que en este contexto <em>\u201ces nuestra responsabilidad ofrecerle al electorado una opci\u00f3n nueva, trasformadora, desde las bases, los principios y valores fundamentales que articulan la sociedad, y vemos en las 20 verdades a la \u00fanica doctrina que nos permiti\u00f3 crecer en este siglo. <strong>La sociedad a pesar de los relatos se encuentra debatiendo entre elegir el fracaso anterior de la Alianza cambiemos (hoy \u201cJuntos\u201d), y el Frente de Todos que est\u00e1 fracasando como proyecto pol\u00edtico<\/strong>, pero siguen fogoneando la polarizaci\u00f3n, esa grieta que tiene harta a la comunidad\u201d.<\/em><\/p>\n<p>&nbsp;<\/p>\n<p>La agenda del espacio buscar\u00e1 <em>\u201cvolver a generar rentabilidad en las empresas, un proyecto econ\u00f3mico de inversi\u00f3n, declarar la emergencia en seguridad, aumentar las fuentes de trabajo, generar nuevamente los super\u00e1vits fiscales como se hizo en la d\u00e9cada ganada y tener una visi\u00f3n estrat\u00e9gica internacional que responda al inter\u00e9s nacional con inteligencia y planificaci\u00f3n\u201d.<\/em><\/p>\n<p>&nbsp;<\/p>\n<p><em>\u201cEstas elecciones son fundamentales a pesar de ser legislativas, para la construcci\u00f3n de un modelo que nos permita volver a poner de pie a nuestro pa\u00eds, tener vistas de normalizaci\u00f3n hacia 2023,<strong> nuestras m\u00e1ximas son una Patria Grande con un Pueblo Feliz en serio, no solo de discurso, y nuestro espacio es el \u00fanico que tiene soluciones reales presentadas al FdT hace m\u00e1s de un a\u00f1o pero desestimadas, y en Principios y Valores tenemos la apertura y la libertad para debatir y que surgan los mejores proyectos<\/strong>\u201d<\/em> cerr\u00f3.<\/p>\n","protected":false},"excerpt":{"rendered":"<p>El candidato a concejal por el espacio del ex secretario de Comercio se mostr\u00f3 con el funcionario en la localidad<\/p>\n","protected":false},"author":2,"featured_media":27025,"comment_status":"closed","ping_status":"closed","sticky":false,"template":"","format":"standard","meta":{"_jetpack_memberships_contains_paid_content":false,"footnotes":""},"categories":[4,1],"tags":[],"class_list":["post-27024","post","type-post","status-publish","format-standard","has-post-thumbnail","hentry","category-politica","category-portada"],"jetpack_featured_media_url":"https:\/\/i0.wp.com\/cdnoticias.com\/wp-content\/uploads\/2021\/07\/WhatsApp-Image-2021-07-19-at-09.53.06.jpeg?fit=779%2C542&ssl=1","jetpack_sharing_enabled":true,"_links":{"self":[{"href":"https:\/\/cdnoticias.com\/index.php\/wp-json\/wp\/v2\/posts\/27024","targetHints":{"allow":["GET"]}}],"collection":[{"href":"https:\/\/cdnoticias.com\/index.php\/wp-json\/wp\/v2\/posts"}],"about":[{"href":"https:\/\/cdnoticias.com\/index.php\/wp-json\/wp\/v2\/types\/post"}],"author":[{"embeddable":true,"href":"https:\/\/cdnoticias.com\/index.php\/wp-json\/wp\/v2\/users\/2"}],"replies":[{"embeddable":true,"href":"https:\/\/cdnoticias.com\/index.php\/wp-json\/wp\/v2\/comments?post=27024"}],"version-history":[{"count":0,"href":"https:\/\/cdnoticias.com\/index.php\/wp-json\/wp\/v2\/posts\/27024\/revisions"}],"wp:featuredmedia":[{"embeddable":true,"href":"https:\/\/cdnoticias.com\/index.php\/wp-json\/wp\/v2\/media\/27025"}],"wp:attachment":[{"href":"https:\/\/cdnoticias.com\/index.php\/wp-json\/wp\/v2\/media?parent=27024"}],"wp:term":[{"taxonomy":"category","embeddable":true,"href":"https:\/\/cdnoticias.com\/index.php\/wp-json\/wp\/v2\/categories?post=27024"},{"taxonomy":"post_tag","embeddable":true,"href":"https:\/\/cdnoticias.com\/index.php\/wp-json\/wp\/v2\/tags?post=27024"}],"curies":[{"name":"wp","href":"https:\/\/api.w.org\/{rel}","templated":true}]}}