{"id":27003,"date":"2021-07-19T08:08:16","date_gmt":"2021-07-19T11:08:16","guid":{"rendered":"http:\/\/www.centraldenoticias.com.ar\/?p=27003"},"modified":"2021-07-19T09:17:29","modified_gmt":"2021-07-19T12:17:29","slug":"servicio-electrico-afectado-en-barrios-del-noroeste-de-la-ciudad","status":"publish","type":"post","link":"https:\/\/cdnoticias.com\/index.php\/2021\/07\/19\/servicio-electrico-afectado-en-barrios-del-noroeste-de-la-ciudad\/","title":{"rendered":"Servicio el\u00e9ctrico afectado en barrios del noroeste de la ciudad"},"content":{"rendered":"<p>Los barrios Pickelado, Santa Isabel, Parque Arano I y II se encuentran sin suministro producto de una aver\u00eda en la l\u00ednea de media tensi\u00f3n, inform\u00f3 Coopelectric. Ya se trabaja en las reparaciones.<!--more--><\/p>\n<hr \/>\n<p><strong>Producto de una aver\u00eda en una l\u00ednea de Media Tensi\u00f3n, sali\u00f3 de servicio la subestaci\u00f3n que alimenta a los barrios Pickelado, Santa Isabel, Parque Arano I y II<\/strong>.<\/p>\n<p>&nbsp;<\/p>\n<p>As\u00ed lo inform\u00f3 la cooperativa en la ma\u00f1ana de este lunes.<\/p>\n<p>&nbsp;<\/p>\n<blockquote><p>El personal operativo de Coopelectric se encuentra realizando la reparaci\u00f3n correspondiente.<\/p><\/blockquote>\n<p>&nbsp;<\/p>\n<p>Una vez finalizada dicha reparaci\u00f3n, se normalizar\u00e1 el suministro el\u00e9ctrico en el sector.<\/p>\n","protected":false},"excerpt":{"rendered":"<p>Los barrios Pickelado, Santa Isabel, Parque Arano I y II se encuentran sin suministro producto de una aver\u00eda en la<\/p>\n","protected":false},"author":4,"featured_media":6841,"comment_status":"closed","ping_status":"closed","sticky":false,"template":"","format":"standard","meta":{"_jetpack_memberships_contains_paid_content":false,"footnotes":""},"categories":[5],"tags":[],"class_list":["post-27003","post","type-post","status-publish","format-standard","has-post-thumbnail","hentry","category-informacion-general"],"jetpack_featured_media_url":"https:\/\/i0.wp.com\/cdnoticias.com\/wp-content\/uploads\/2020\/11\/01-Tareas-Alimentador-N%C2%B0-1.jpg?fit=1365%2C768&ssl=1","jetpack_sharing_enabled":true,"_links":{"self":[{"href":"https:\/\/cdnoticias.com\/index.php\/wp-json\/wp\/v2\/posts\/27003","targetHints":{"allow":["GET"]}}],"collection":[{"href":"https:\/\/cdnoticias.com\/index.php\/wp-json\/wp\/v2\/posts"}],"about":[{"href":"https:\/\/cdnoticias.com\/index.php\/wp-json\/wp\/v2\/types\/post"}],"author":[{"embeddable":true,"href":"https:\/\/cdnoticias.com\/index.php\/wp-json\/wp\/v2\/users\/4"}],"replies":[{"embeddable":true,"href":"https:\/\/cdnoticias.com\/index.php\/wp-json\/wp\/v2\/comments?post=27003"}],"version-history":[{"count":0,"href":"https:\/\/cdnoticias.com\/index.php\/wp-json\/wp\/v2\/posts\/27003\/revisions"}],"wp:featuredmedia":[{"embeddable":true,"href":"https:\/\/cdnoticias.com\/index.php\/wp-json\/wp\/v2\/media\/6841"}],"wp:attachment":[{"href":"https:\/\/cdnoticias.com\/index.php\/wp-json\/wp\/v2\/media?parent=27003"}],"wp:term":[{"taxonomy":"category","embeddable":true,"href":"https:\/\/cdnoticias.com\/index.php\/wp-json\/wp\/v2\/categories?post=27003"},{"taxonomy":"post_tag","embeddable":true,"href":"https:\/\/cdnoticias.com\/index.php\/wp-json\/wp\/v2\/tags?post=27003"}],"curies":[{"name":"wp","href":"https:\/\/api.w.org\/{rel}","templated":true}]}}