{"id":26999,"date":"2021-07-19T08:36:11","date_gmt":"2021-07-19T11:36:11","guid":{"rendered":"http:\/\/www.centraldenoticias.com.ar\/?p=26999"},"modified":"2021-07-19T08:36:11","modified_gmt":"2021-07-19T11:36:11","slug":"cierre-del-proyecto-de-extension-deser-sobre-derechos-sexuales-y-reproductivos","status":"publish","type":"post","link":"https:\/\/cdnoticias.com\/index.php\/2021\/07\/19\/cierre-del-proyecto-de-extension-deser-sobre-derechos-sexuales-y-reproductivos\/","title":{"rendered":"Cierre del proyecto de extensi\u00f3n DeSeR sobre Derechos Sexuales y Reproductivos"},"content":{"rendered":"<p>Tras los cambios que atraves\u00f3 el proyecto producto de la pandemia, se public\u00f3 un cuadernillo con material sistematizado para el desarrollo de una capacitaci\u00f3n comunitaria y se conform\u00f3 un repositorio digital.<!--more--><\/p>\n<hr \/>\n<p>El Programa Permanente de Estudios de la Mujer (PPEM) de la Facultad de Ciencias Sociales y otras organizaciones sociales<strong> culminaron la propuesta del proyecto DeSeR, con la publicaci\u00f3n de un material sistematizado para el desarrollo de una capacitaci\u00f3n comunitaria sobre derechos sexuales y reproductivos y un repositorio de materiales<\/strong>.<\/p>\n<p>&nbsp;<\/p>\n<p>El Programa Permanente de Estudios de la Mujer junto a la Defensor\u00eda Departamental, el Programa Municipal de Salud Sexual y Reproductiva, la Residencia de Medicina General de Olavarr\u00eda y Casa Popular Valeria finalizaron el Proyecto de Extensi\u00f3n DeSeR.<\/p>\n<p>&nbsp;<\/p>\n<p>La propuesta, presentada y aprobada ante la Secretar\u00eda de Extensi\u00f3n de la Universidad Nacional del Centro de la Provincia de Buenos Aires en el a\u00f1o 2019, propon\u00eda la <strong>creaci\u00f3n de una Consejer\u00eda Comunitaria en Derechos Sexuales y Reproductivos<\/strong>. Los objetivos del proyecto consist\u00edan en propiciar el acceso a los derechos, mediante la informaci\u00f3n, la promoci\u00f3n, la capacitaci\u00f3n y el asesoramiento ante posibles vulneraciones. Desde una perspectiva integral, el PPEM como parte de la Universidad P\u00fablica, convoc\u00f3 para este proyecto a instituciones vinculadas con el \u00e1mbito legal, de la salud y de referencia comunitaria.<\/p>\n<p><img data-recalc-dims=\"1\" loading=\"lazy\" decoding=\"async\" class=\"wp-image-27000 aligncenter\" src=\"https:\/\/i0.wp.com\/cdnoticias.com\/wp-content\/uploads\/2021\/07\/Proyecto-DeSeR-PPEM-Facso-00.jpg?resize=400%2C379&#038;ssl=1\" alt=\"\" width=\"400\" height=\"379\" srcset=\"https:\/\/i0.wp.com\/cdnoticias.com\/wp-content\/uploads\/2021\/07\/Proyecto-DeSeR-PPEM-Facso-00.jpg?w=358&amp;ssl=1 358w, https:\/\/i0.wp.com\/cdnoticias.com\/wp-content\/uploads\/2021\/07\/Proyecto-DeSeR-PPEM-Facso-00.jpg?resize=300%2C284&amp;ssl=1 300w\" sizes=\"auto, (max-width: 400px) 100vw, 400px\" \/><\/p>\n<p>Ante la imposibilidad de llevar adelante acciones presenciales producto de la pandemia por el Covid-19, pero sin perder de vista el objetivo del proyecto,<strong> las instituciones coparticipantes se propusieron generar un material sistematizado para el desarrollo de una capacitaci\u00f3n comunitaria y la conformaci\u00f3n de un repositorio digital sobre la tem\u00e1tica<\/strong>.<\/p>\n<p>&nbsp;<\/p>\n<p>Tambi\u00e9n para la realizaci\u00f3n del cuadernillo se cont\u00f3 con la participaci\u00f3n de una becaria, estudiante avanzada de la carrera de Comunicaci\u00f3n Social de la Facultad de Ciencias Sociales, quien aport\u00f3 sus saberes e integr\u00f3 activamente esta propuesta de trabajo inter e intra institucional fortaleciendo su perfil extensionista y profesional.<\/p>\n<p>&nbsp;<\/p>\n<p><strong>Los resultados de ese trabajo son de acceso p\u00fablico y la financiaci\u00f3n obtenida se destin\u00f3 a la impresi\u00f3n de cuadernillos<\/strong> para fortalecer el trabajo en las diferentes organizaciones. Asimismo se habilit\u00f3 la circulaci\u00f3n digital mediante <a href=\"https:\/\/www.soc.unicen.edu.ar\/images\/documentos\/extension\/CuadernilloDeSeR.pdf\" target=\"_blank\" rel=\"noopener\">el Cuadernillo disponible aqu\u00ed<\/a> y el <a href=\"https:\/\/drive.google.com\/file\/d\/1gbclz5Ff99N7KmIX_7F7zBO_k4V6iSKH\/view\">Repositorio de materiales<\/a>.<\/p>\n<p>&nbsp;<\/p>\n<blockquote><p>Los autores de este material invitaron a todos los interesados a \u201cdifundir, descargar, utilizar y enriquecerlo para que los derechos sexuales y reproductivos sean conocidos, exigidos y garantizados\u201d.<\/p><\/blockquote>\n<p>&nbsp;<\/p>\n<p>Fuente: <em>Comunicaci\u00f3n Institucional de la Facultad de Ciencias Sociales &#8211; UNICEN<\/em><\/p>\n","protected":false},"excerpt":{"rendered":"<p>Tras los cambios que atraves\u00f3 el proyecto producto de la pandemia, se public\u00f3 un cuadernillo con material sistematizado para el<\/p>\n","protected":false},"author":4,"featured_media":27001,"comment_status":"closed","ping_status":"closed","sticky":false,"template":"","format":"standard","meta":{"_jetpack_memberships_contains_paid_content":false,"footnotes":""},"categories":[5,1],"tags":[],"class_list":["post-26999","post","type-post","status-publish","format-standard","has-post-thumbnail","hentry","category-informacion-general","category-portada"],"jetpack_featured_media_url":"https:\/\/i0.wp.com\/cdnoticias.com\/wp-content\/uploads\/2021\/07\/Proyecto-DeSeR-PPEM-Facso.jpg?fit=1233%2C925&ssl=1","jetpack_sharing_enabled":true,"_links":{"self":[{"href":"https:\/\/cdnoticias.com\/index.php\/wp-json\/wp\/v2\/posts\/26999","targetHints":{"allow":["GET"]}}],"collection":[{"href":"https:\/\/cdnoticias.com\/index.php\/wp-json\/wp\/v2\/posts"}],"about":[{"href":"https:\/\/cdnoticias.com\/index.php\/wp-json\/wp\/v2\/types\/post"}],"author":[{"embeddable":true,"href":"https:\/\/cdnoticias.com\/index.php\/wp-json\/wp\/v2\/users\/4"}],"replies":[{"embeddable":true,"href":"https:\/\/cdnoticias.com\/index.php\/wp-json\/wp\/v2\/comments?post=26999"}],"version-history":[{"count":0,"href":"https:\/\/cdnoticias.com\/index.php\/wp-json\/wp\/v2\/posts\/26999\/revisions"}],"wp:featuredmedia":[{"embeddable":true,"href":"https:\/\/cdnoticias.com\/index.php\/wp-json\/wp\/v2\/media\/27001"}],"wp:attachment":[{"href":"https:\/\/cdnoticias.com\/index.php\/wp-json\/wp\/v2\/media?parent=26999"}],"wp:term":[{"taxonomy":"category","embeddable":true,"href":"https:\/\/cdnoticias.com\/index.php\/wp-json\/wp\/v2\/categories?post=26999"},{"taxonomy":"post_tag","embeddable":true,"href":"https:\/\/cdnoticias.com\/index.php\/wp-json\/wp\/v2\/tags?post=26999"}],"curies":[{"name":"wp","href":"https:\/\/api.w.org\/{rel}","templated":true}]}}