{"id":26973,"date":"2021-07-18T15:01:53","date_gmt":"2021-07-18T18:01:53","guid":{"rendered":"http:\/\/www.centraldenoticias.com.ar\/?p=26973"},"modified":"2021-07-18T17:08:25","modified_gmt":"2021-07-18T20:08:25","slug":"estrategia-delineada-nombres-en-danza-y-la-variable-carambola","status":"publish","type":"post","link":"https:\/\/cdnoticias.com\/index.php\/2021\/07\/18\/estrategia-delineada-nombres-en-danza-y-la-variable-carambola\/","title":{"rendered":"Estrategia delineada, nombres en danza y la \u201cvariable carambola\u201d"},"content":{"rendered":"<p><span style=\"color: #000080;\"><span lang=\"zxx\"><span style=\"color: #000000;\"><span lang=\"es-ES\">En cada frente, hay algunos trazos de lo que ser\u00e1 el cierre de listas y la campa\u00f1a para las PASO. \u00bfCon qu\u00e9 certezas cuentan los referentes locales? Y siempre hay lugar para la sorpresa, \u00bfcu\u00e1les especulaciones aparecen?<\/span><\/span><\/span><\/span><br \/>\n<!--more--><\/p>\n<hr \/>\n<p><em>Extracto del newsletter Volver a las Fuentes,\u00a0donde <a href=\"https:\/\/mailchi.mp\/472594949092\/siete-das-para-afinar-la-lapicera?e=e4ffb04d40\" target=\"_blank\" rel=\"noopener\">se\u00a0puede acceder y suscribir ac\u00e1<\/a>.\u00a0<\/em><strong>Por Alexis Grierson y Josefina Bargas.<\/strong><\/p>\n<p>&nbsp;<\/p>\n<p><span style=\"color: #000080;\"><span lang=\"zxx\"><span style=\"color: #000000;\"><span lang=\"es-ES\">En cada frente, hay algunos trazos de lo que ser\u00e1 el cierre de listas y la campa\u00f1a para las PASO. \u00bfCon qu\u00e9 certezas cuentan los referentes locales y cu\u00e1les especulaciones podemos prever?<\/span><\/span><\/span><\/span><\/p>\n<p>&nbsp;<\/p>\n<p><strong><span style=\"color: #000080;\"><span lang=\"zxx\"><span style=\"color: #000000;\"><span lang=\"es-ES\">El candidato es el proyecto<\/span><\/span><\/span><\/span><\/strong><\/p>\n<p>&nbsp;<\/p>\n<p><span style=\"color: #000080;\"><span lang=\"zxx\"><span style=\"color: #000000;\"><span lang=\"es-ES\">Con una mirada distinta en la previa al cierre de listas, <strong>el Frente de Todos se encamina a presentar su propuesta por fuera de nombres rutilantes, y con la mirada puesta en \u201cel candidato es el proyecto\u201d<\/strong>, como ya te planteamos en<a href=\"https:\/\/cdnoticias.com\/index.php\/2021\/07\/11\/el-escenario-de-las-paso-en-olavarria-ya-tiene-nombres-y-toma-forma\/\" target=\"_blank\" rel=\"noopener\"> la edici\u00f3n anterior de VAF<\/a>.<\/span><\/span><\/span><\/span><\/p>\n<p>&nbsp;<\/p>\n<p><span style=\"color: #000080;\"><span lang=\"zxx\"><span style=\"color: #000000;\"><span lang=\"es-ES\">Durante la semana, en un interesante<a href=\"https:\/\/cdnoticias.com\/index.php\/2021\/07\/15\/que-llegue-la-mayor-cantidad-de-obras-a-olavarria\/\" target=\"_blank\" rel=\"noopener\"> intercambio entre periodistas de Olavarr\u00eda y el Ministro de Obras P\u00fablicas de la Naci\u00f3n<\/a>, <strong>Gabriel Katopodis, surgieron algunos lineamientos (\u00bfy decisiones?) de cara a lo que viene<\/strong>.<\/span><\/span><\/span><\/span><\/p>\n<p>&nbsp;<\/p>\n<p><span style=\"color: #000080;\"><span lang=\"zxx\"><span style=\"color: #000000;\"><span lang=\"es-ES\">Adem\u00e1s de anunciar las <a href=\"https:\/\/cdnoticias.com\/index.php\/2021\/07\/15\/obras-en-la-ruta-226-se-construira-una-rotonda-en-el-acceso-a-hinojo\/\" target=\"_blank\" rel=\"noopener\">obras en los ingresos a la localidad de Hinojo<\/a> y la, a\u00fan en proyecto, esperada rotonda en Sierras Bayas (que fueron muy bienvenidas por los vecinos de las localidades sobretodo por los siniestros viales producidos en ese lugar) hubo tiempo para un caf\u00e9, y tambi\u00e9n para hablar de pol\u00edtica.<\/span><\/span><\/span><\/span><\/p>\n<p>&nbsp;<\/p>\n<p><span style=\"color: #000080;\"><span lang=\"zxx\"><span style=\"color: #000000;\"><span lang=\"es-ES\"><strong>Primero contrastar, con claridad, lo sucedido en la gesti\u00f3n Macri. Pero adem\u00e1s mostrar los momentos que atraviesa el pa\u00eds<\/strong>. \u201cLa gesti\u00f3n pasada dej\u00f3 700 obras en veremos, hoy tenemos 1.700 en plena ejecuci\u00f3n y tenemos proyectadas muchas m\u00e1s\u201d dijo.<\/span><\/span><\/span><\/span><\/p>\n<p>&nbsp;<\/p>\n<p><img data-recalc-dims=\"1\" loading=\"lazy\" decoding=\"async\" class=\"size-full wp-image-26680 aligncenter\" src=\"https:\/\/i0.wp.com\/cdnoticias.com\/wp-content\/uploads\/2021\/07\/aguilera-katopodis-ruta-3-01.jpg?resize=800%2C445&#038;ssl=1\" alt=\"\" width=\"800\" height=\"445\" srcset=\"https:\/\/i0.wp.com\/cdnoticias.com\/wp-content\/uploads\/2021\/07\/aguilera-katopodis-ruta-3-01.jpg?w=964&amp;ssl=1 964w, https:\/\/i0.wp.com\/cdnoticias.com\/wp-content\/uploads\/2021\/07\/aguilera-katopodis-ruta-3-01.jpg?resize=300%2C167&amp;ssl=1 300w, https:\/\/i0.wp.com\/cdnoticias.com\/wp-content\/uploads\/2021\/07\/aguilera-katopodis-ruta-3-01.jpg?resize=768%2C427&amp;ssl=1 768w, https:\/\/i0.wp.com\/cdnoticias.com\/wp-content\/uploads\/2021\/07\/aguilera-katopodis-ruta-3-01.jpg?resize=800%2C445&amp;ssl=1 800w\" sizes=\"auto, (max-width: 800px) 100vw, 800px\" \/><\/p>\n<p>&nbsp;<\/p>\n<p><span style=\"color: #000080;\"><span style=\"color: #000000;\">\u201c<span lang=\"zxx\"><span lang=\"es-ES\">Tenemos que hablar con hechos, con la realidad\u201d insisti\u00f3, e incluso desde el espacio se admitieron los agudos problemas econ\u00f3micos. <strong>\u201cTenemos que darle un mensaje a ese vecino que no llega a fin de mes, que teme perder el laburo, que no sabe c\u00f3mo sigue todo\u201d<\/strong>.<\/span><\/span><\/span><\/span><\/p>\n<p>&nbsp;<\/p>\n<p><span style=\"color: #000080;\"><span lang=\"zxx\"><span style=\"color: #000000;\"><span lang=\"es-ES\">Katopodis pidi\u00f3 \u201cdejar de hablar de temas que no le importan a la gente\u201d y sorprendi\u00f3 al se\u00f1alar que <strong>el balance de la campa\u00f1a, \u201cestar\u00e1 en el manejo de la pandemia, no en la vacunaci\u00f3n\u201d<\/strong>. Es que uno de los puntos que no se ha dicho mucho es que la vacunaci\u00f3n es fundamental para finalizar la pandemia, pero que el objetivo es que se termine, no las gestiones para traer vacunas, la log\u00edstica para aplicarlas y generar un ambicioso plan de vacunaci\u00f3n. \u201cAdem\u00e1s, hay problemas m\u00e1s graves. Una se\u00f1ora se vacuna, se pone muy contenta, va a la carnicer\u00eda y se olvida que se vacun\u00f3\u201d.<\/span><\/span><\/span><\/span><\/p>\n<p>&nbsp;<\/p>\n<p><span style=\"color: #000080;\"><span lang=\"zxx\"><span style=\"color: #000000;\"><span lang=\"es-ES\"><strong>Obras, dinero en el bolsillo de los argentinos, un plan de salida de la crisis<\/strong>. Ni m\u00e1s ni menos que tres puntos basales en la campa\u00f1a del Frente de Todos provincial -y nacional, claro-. Olavarr\u00eda no escapa a ello y veremos un repaso amplio de obras realizadas en el \u00faltimo tiempo.<\/span><\/span><\/span><\/span><\/p>\n<p>&nbsp;<\/p>\n<p><img data-recalc-dims=\"1\" loading=\"lazy\" decoding=\"async\" class=\"size-large wp-image-25727 aligncenter\" src=\"https:\/\/i0.wp.com\/cdnoticias.com\/wp-content\/uploads\/2021\/07\/maxi-wesner-procrear.jpeg?resize=800%2C598&#038;ssl=1\" alt=\"\" width=\"800\" height=\"598\" srcset=\"https:\/\/i0.wp.com\/cdnoticias.com\/wp-content\/uploads\/2021\/07\/maxi-wesner-procrear.jpeg?resize=1024%2C766&amp;ssl=1 1024w, https:\/\/i0.wp.com\/cdnoticias.com\/wp-content\/uploads\/2021\/07\/maxi-wesner-procrear.jpeg?resize=300%2C225&amp;ssl=1 300w, https:\/\/i0.wp.com\/cdnoticias.com\/wp-content\/uploads\/2021\/07\/maxi-wesner-procrear.jpeg?resize=768%2C575&amp;ssl=1 768w, https:\/\/i0.wp.com\/cdnoticias.com\/wp-content\/uploads\/2021\/07\/maxi-wesner-procrear.jpeg?w=1280&amp;ssl=1 1280w\" sizes=\"auto, (max-width: 800px) 100vw, 800px\" \/><\/p>\n<p>&nbsp;<\/p>\n<p><span style=\"color: #000080;\"><span lang=\"zxx\"><span style=\"color: #000000;\"><span lang=\"es-ES\">Incluso, con sutileza (aunque Federico Aguilera despu\u00e9s lo expondr\u00eda m\u00e1s) Katopodis admiti\u00f3 que <em>\u201clas obras del Argentina Hace las capitaliz\u00f3 pol\u00edticamente el intendente cuando nosotros podr\u00edamos haberle se\u00f1alado que las pagamos nosotros. Pero no, porque eso ser\u00eda menospreciar al verdadero beneficiario de la obra, el vecino\u201d<\/em>.<\/span><\/span><\/span><\/span><\/p>\n<p>&nbsp;<\/p>\n<p><span style=\"color: #000080;\"><span lang=\"zxx\"><span style=\"color: #000000;\"><span lang=\"es-ES\">Expuso <strong>las internas del Frente de Todos pero dijo que \u201cen campa\u00f1a, vamos a estar todos juntos<\/strong>. Habr\u00e1 tiempo para discutir sobre nuestras diferencias como ya lo hemos hecho, pero ahora tenemos que trabajar para explicarle al vecino porqu\u00e9 estamos juntos. En 2019, por el desastre de Macri, ni era necesario explicar. Ahora s\u00ed, tenemos que contarles las razones por las cuales el Frente de Todos tiene a los actores que tiene y para qu\u00e9 busca continuar teniendo fuerza en el gobierno\u201d.<\/span><\/span><\/span><\/span><\/p>\n<p>&nbsp;<\/p>\n<p><span style=\"color: #000080;\"><span lang=\"zxx\"><span style=\"color: #000000;\"><span lang=\"es-ES\">En materia personal, la consulta acerca de la candidatura estuvo, desde ya. Katopodis no pate\u00f3 la pelota afuera\u2026 &#8220;no lo s\u00e9, <strong>si me lo pide Alberto ser\u00e9 el primero en pararme en la fila de candidatos<\/strong>. Pero sinceramente, no lo s\u00e9 y no lo pienso\u201d dijo el ministro. Ya se ha dicho varias veces&#8230;los (ex) intendentes al poder.<\/span><\/span><\/span><\/span><\/p>\n<p>&nbsp;<\/p>\n<p><span style=\"color: #000080;\"><span lang=\"zxx\"><span style=\"color: #000000;\"><span lang=\"es-ES\">Si empezamos a trasladarnos hasta Olavarr\u00eda, <strong>Federico Aguilera, ante la misma consulta, casi casi que misma respuesta<\/strong>: \u201csinceramente en estos d\u00edas que vienen empezaremos a charlar, pero <a href=\"https:\/\/cdnoticias.com\/index.php\/2021\/07\/16\/federico-aguilera-no-se-si-voy-a-ser-candidato-todavia\/\" target=\"_blank\" rel=\"noopener\">no s\u00e9 si ser\u00e9 candidato<\/a>. Si me lo piden, estar\u00e9 en la lista de concejales o la que mejor se considere. Estar\u00e9 donde mejor pueda aportar al proyecto\u201d.<\/span><\/span><\/span><\/span><\/p>\n<p>&nbsp;<\/p>\n<p><img data-recalc-dims=\"1\" loading=\"lazy\" decoding=\"async\" class=\"size-full wp-image-5219 aligncenter\" src=\"https:\/\/i0.wp.com\/cdnoticias.com\/wp-content\/uploads\/2020\/10\/cesar-1.jpg?resize=772%2C611&#038;ssl=1\" alt=\"\" width=\"772\" height=\"611\" srcset=\"https:\/\/i0.wp.com\/cdnoticias.com\/wp-content\/uploads\/2020\/10\/cesar-1.jpg?w=772&amp;ssl=1 772w, https:\/\/i0.wp.com\/cdnoticias.com\/wp-content\/uploads\/2020\/10\/cesar-1.jpg?resize=300%2C237&amp;ssl=1 300w, https:\/\/i0.wp.com\/cdnoticias.com\/wp-content\/uploads\/2020\/10\/cesar-1.jpg?resize=768%2C608&amp;ssl=1 768w\" sizes=\"auto, (max-width: 772px) 100vw, 772px\" \/><\/p>\n<p>&nbsp;<\/p>\n<p><span style=\"color: #000080;\"><span lang=\"zxx\"><span style=\"color: #000000;\"><span lang=\"es-ES\">A eso debemos sumarle a <strong>Maximiliano Wesner<\/strong> que se asoma cada vez m\u00e1s como potencial candidato. Visitas a vecinos, actos, declaraciones p\u00fablicas, (m\u00e1s) redes sociales propias, son pistas que muestran lo que parece inevitable. Ojo, puede no pasar. Incluso, puede sorprender: <em>nosotros imaginamos un candidato a concejal, pero tambi\u00e9n puede ser a senador.<\/em><\/span><\/span><\/span><\/span><\/p>\n<p>&nbsp;<\/p>\n<p><span style=\"color: #000080;\"><span lang=\"zxx\"><span style=\"color: #000000;\"><span lang=\"es-ES\">Despu\u00e9s, todo pasar\u00e1 por los destinos no s\u00f3lo de <strong>Guillermo Santell\u00e1n<\/strong>, sino tambi\u00e9n por los del massismo local (\u00bfcon lugar en el Concejo para retener?) y <strong>Liliana Schwindt<\/strong>, que pone en disputa la posible renovaci\u00f3n de su banca como diputada nacional. \u00bfPodr\u00eda tener protagonismo un pasito m\u00e1s abajo en senadores provinciales? <em>Todo especulaci\u00f3n, piensen con nosotros y jueguemos el juego de las listas y los lugares.<\/em><\/span><\/span><\/span><\/span><\/p>\n<p>&nbsp;<\/p>\n<p><span style=\"color: #000080;\"><span lang=\"zxx\"><span style=\"color: #000000;\"><span lang=\"es-ES\">En el medio, el diputado<strong> C\u00e9sar Valicenti<\/strong><a href=\"https:\/\/cdnoticias.com\/index.php\/2021\/07\/15\/cesar-valicenti-en-la-junta-electoral-partidaria-para-las-paso\/\" target=\"_blank\" rel=\"noopener\"> ser\u00e1 integrante de la Junta Electoral partidaria del Frente de Todos<\/a> en la Provincia, y ser\u00e1 uno de los hombres clave pensando el cierre. <strong>\u201cNo existen los cierres tranquilos, siempre es muy complicado el equilibrio de todos los espacios\u201d<\/strong> dijo, muy brevemente, en un informal di\u00e1logo con este newsletter.<\/span><\/span><\/span><\/span><\/p>\n<p>&nbsp;<\/p>\n<p><span style=\"color: #000080;\"><span lang=\"zxx\"><span style=\"color: #000000;\"><span lang=\"es-ES\">En materia de renovaciones en el HCD, tiene una situaci\u00f3n similar a la de Juntos: renueva tres bancas que en realidad es una sola. En 2017 ingresaron Federico Aguilera (que fue reemplazado por Santell\u00e1n), Germ\u00e1n Aramburu y Alicia Almada (hoy, con bloque aparte en Renovaci\u00f3n Peronista).<\/span><\/span><\/span><\/span><\/p>\n<p>&nbsp;<\/p>\n<p><strong><span style=\"color: #000080;\"><span lang=\"zxx\"><span style=\"color: #000000;\"><span lang=\"es-ES\">A un paso de la interna (uno solo)<\/span><\/span><\/span><\/span><\/strong><\/p>\n<p>&nbsp;<\/p>\n<p><span style=\"color: #000080;\"><span lang=\"zxx\"><span style=\"color: #000000;\"><span lang=\"es-ES\">Hay un hecho madre que puede desencadenar en una PASO en la Provincia, una en la Secci\u00f3n, y una en la ciudad. Esa situaci\u00f3n est\u00e1 pr\u00e1cticamente dada: <strong>\u201cJuntos\u201d (nueva denominaci\u00f3n para Juntos por el Cambio, Cambiemos, o como quieran llamarle) tendr\u00e1 PASO entre Diego Santilli y Facundo Manes<\/strong>, del Pro y el radicalismo, respectivamente.<\/span><\/span><\/span><\/span><\/p>\n<p>&nbsp;<\/p>\n<p><img data-recalc-dims=\"1\" loading=\"lazy\" decoding=\"async\" class=\"size-large wp-image-2751 aligncenter\" src=\"https:\/\/i0.wp.com\/cdnoticias.com\/wp-content\/uploads\/2020\/09\/Hilario-Galli.jpg?resize=800%2C534&#038;ssl=1\" alt=\"\" width=\"800\" height=\"534\" srcset=\"https:\/\/i0.wp.com\/cdnoticias.com\/wp-content\/uploads\/2020\/09\/Hilario-Galli.jpg?resize=1024%2C683&amp;ssl=1 1024w, https:\/\/i0.wp.com\/cdnoticias.com\/wp-content\/uploads\/2020\/09\/Hilario-Galli.jpg?resize=300%2C200&amp;ssl=1 300w, https:\/\/i0.wp.com\/cdnoticias.com\/wp-content\/uploads\/2020\/09\/Hilario-Galli.jpg?resize=768%2C512&amp;ssl=1 768w, https:\/\/i0.wp.com\/cdnoticias.com\/wp-content\/uploads\/2020\/09\/Hilario-Galli.jpg?resize=272%2C182&amp;ssl=1 272w, https:\/\/i0.wp.com\/cdnoticias.com\/wp-content\/uploads\/2020\/09\/Hilario-Galli.jpg?w=1968&amp;ssl=1 1968w, https:\/\/i0.wp.com\/cdnoticias.com\/wp-content\/uploads\/2020\/09\/Hilario-Galli.jpg?w=1600&amp;ssl=1 1600w\" sizes=\"auto, (max-width: 800px) 100vw, 800px\" \/><\/p>\n<p>&nbsp;<\/p>\n<p><span style=\"color: #000080;\"><span style=\"color: #000000;\">\u201c<span lang=\"zxx\"><span lang=\"es-ES\">Siempre hay alguno que te dice que se est\u00e1n peleando para medirse y luego acordar, pero <strong>est\u00e1 todo dado para que haya interna<\/strong>\u201d se\u00f1alaron a este newsletter. Justamente, ese hecho madre hace que el juego se abra y todos los estamentos y todos los distritos pueden tambi\u00e9n participar en Primarias.<\/span><\/span><\/span><\/span><\/p>\n<p>&nbsp;<\/p>\n<p><span style=\"color: #000080;\"><span lang=\"zxx\"><span style=\"color: #000000;\"><span lang=\"es-ES\">Vayamos de arriba hacia abajo: tras determinar las \u201creglas internas\u201d en Juntos (con un D\u2019Hont con algunas modificaciones para respetar la paridad de g\u00e9nero requerida) el radicalismo tambi\u00e9n tiene \u201creglas internas\u201d, donde las elecciones internas de marzo juegan un papel importante. <strong>\u201cEl que gan\u00f3 arma. Obviamente haciendo los esfuerzos para integrar al resto. Pero el armador no se discute\u201d<\/strong> se\u00f1al\u00f3 una fuente a VAF. Por ejemplo: en la S\u00e9ptima Secci\u00f3n tendr\u00eda potestad en las decisiones el espacio de Maximiliano Abad. Es decir, que <strong>Alejandro Cellillo<\/strong> tendr\u00eda todo dado para encabezar la lista y enfrentar, eventualmente, a <strong>Hilario Galli<\/strong> por el Pro.<\/span><\/span><\/span><\/span><\/p>\n<p>&nbsp;<\/p>\n<p><img data-recalc-dims=\"1\" loading=\"lazy\" decoding=\"async\" class=\"size-large wp-image-26771 aligncenter\" src=\"https:\/\/i0.wp.com\/cdnoticias.com\/wp-content\/uploads\/2021\/07\/E6X6DMxWUAEDtwy.jpg?resize=800%2C600&#038;ssl=1\" alt=\"\" width=\"800\" height=\"600\" srcset=\"https:\/\/i0.wp.com\/cdnoticias.com\/wp-content\/uploads\/2021\/07\/E6X6DMxWUAEDtwy.jpg?resize=1024%2C768&amp;ssl=1 1024w, https:\/\/i0.wp.com\/cdnoticias.com\/wp-content\/uploads\/2021\/07\/E6X6DMxWUAEDtwy.jpg?resize=300%2C225&amp;ssl=1 300w, https:\/\/i0.wp.com\/cdnoticias.com\/wp-content\/uploads\/2021\/07\/E6X6DMxWUAEDtwy.jpg?resize=768%2C576&amp;ssl=1 768w, https:\/\/i0.wp.com\/cdnoticias.com\/wp-content\/uploads\/2021\/07\/E6X6DMxWUAEDtwy.jpg?w=1600&amp;ssl=1 1600w\" sizes=\"auto, (max-width: 800px) 100vw, 800px\" \/><\/p>\n<p>&nbsp;<\/p>\n<p><span style=\"color: #000080;\"><span lang=\"zxx\"><span style=\"color: #000000;\"><span lang=\"es-ES\">Aunque ojo: en la Secci\u00f3n, <strong>Franco Cominotto<\/strong> \u201cjuega un rol importante por su lugar en el Comit\u00e9 Provincia y hoy junto con Danya Tavela es referente en los armados por parte de la oposici\u00f3n partidaria. Y hay un muy buen di\u00e1logo con el oficialismo partidario\u201d. De todos modos, hubo tonos muy conciliadores, dado que la misma fuente se\u00f1al\u00f3 que \u201cse van a analizar todos los escenarios y veremos qu\u00e9 conviene\u201d.<\/span><\/span><\/span><\/span><\/p>\n<p>&nbsp;<\/p>\n<p><span style=\"color: #000080;\"><span lang=\"zxx\"><span style=\"color: #000000;\"><span lang=\"es-ES\">Sin embargo, en lo local la cosa cambia: como el sector encabezado por<strong> Cominotto-Gonz\u00e1lez y Dolagaray<\/strong> gan\u00f3 (con buena diferencia) las internas radicales, tendr\u00eda potestad de decidir en Olavarr\u00eda. O, al menos, quedarse con el primer lugar, algo para nada menor si analizamos c\u00f3mo es el sistema de integraci\u00f3n de listas post PASO.<\/span><\/span><\/span><\/span><\/p>\n<p>&nbsp;<\/p>\n<p><span style=\"color: #000080;\"><span lang=\"zxx\"><span style=\"color: #000000;\"><span lang=\"es-ES\"><strong>En la S\u00e9ptima, no hay D\u2019Hont que aguante<\/strong>: con un piso de 25%, el que pierde se quedar\u00e1 s\u00ed o s\u00ed con el tercer lugar, salvo que consiga un 40% de los votos de la interna, donde ah\u00ed se habilitar\u00eda el segundo. Ser\u00eda un lugar m\u00e1s protag\u00f3nico, pero depender\u00e1 tambi\u00e9n de la Ley de Paridad. Si se enfrentan dos hombres (el escenario que parece hasta hoy) el que pierda ir\u00e1 al tercer lugar de todos modos.<\/span><\/span><\/span><\/span><\/p>\n<p>&nbsp;<\/p>\n<p><img data-recalc-dims=\"1\" loading=\"lazy\" decoding=\"async\" class=\"size-large wp-image-14905 aligncenter\" src=\"https:\/\/i0.wp.com\/cdnoticias.com\/wp-content\/uploads\/2021\/02\/franco-cominotto-cdn2.jpg?resize=800%2C534&#038;ssl=1\" alt=\"\" width=\"800\" height=\"534\" srcset=\"https:\/\/i0.wp.com\/cdnoticias.com\/wp-content\/uploads\/2021\/02\/franco-cominotto-cdn2.jpg?resize=1024%2C683&amp;ssl=1 1024w, https:\/\/i0.wp.com\/cdnoticias.com\/wp-content\/uploads\/2021\/02\/franco-cominotto-cdn2.jpg?resize=300%2C200&amp;ssl=1 300w, https:\/\/i0.wp.com\/cdnoticias.com\/wp-content\/uploads\/2021\/02\/franco-cominotto-cdn2.jpg?resize=768%2C512&amp;ssl=1 768w, https:\/\/i0.wp.com\/cdnoticias.com\/wp-content\/uploads\/2021\/02\/franco-cominotto-cdn2.jpg?resize=272%2C182&amp;ssl=1 272w, https:\/\/i0.wp.com\/cdnoticias.com\/wp-content\/uploads\/2021\/02\/franco-cominotto-cdn2.jpg?w=1600&amp;ssl=1 1600w, https:\/\/i0.wp.com\/cdnoticias.com\/wp-content\/uploads\/2021\/02\/franco-cominotto-cdn2.jpg?w=2400&amp;ssl=1 2400w\" sizes=\"auto, (max-width: 800px) 100vw, 800px\" \/><\/p>\n<p>&nbsp;<\/p>\n<p><span style=\"color: #000080;\"><span lang=\"zxx\"><span style=\"color: #000000;\"><span lang=\"es-ES\"><strong>En lo local la situaci\u00f3n es distinta, pero tambi\u00e9n depender\u00e1 de una muy buena performance de la lista perdedora<\/strong>. El piso es el mismo, del 25%, y as\u00ed se quedar\u00e1 con el quinto lugar de la lista de concejales. Si se obtiene entre el 30 y el 45%, la minor\u00eda se quedar\u00e1 con los lugares 3 y 6 de la lista, siempre dependiendo del cupo de g\u00e9nero y sus correspondientes movimientos.<\/span><\/span><\/span><\/span><\/p>\n<p>&nbsp;<\/p>\n<p><span style=\"color: #000080;\"><span lang=\"zxx\"><span style=\"color: #000000;\"><span lang=\"es-ES\">En lo que ser\u00eda una PASO de empate t\u00e9cnico, si se obtiene m\u00e1s del 45% (y obviamente menos del 50%) la lista perdedora obtiene segundo, quinto, sexto y noveno lugar, pr\u00e1cticamente media lista y con tres lugares \u201centrables\u201d.<\/span><\/span><\/span><\/span><\/p>\n<p>&nbsp;<\/p>\n<p><span style=\"color: #000080;\"><span lang=\"zxx\"><span style=\"color: #000000;\"><span lang=\"es-ES\">Vayamos a los nombres: en Olavarr\u00eda, <strong>todos los caminos conducen a \u201calguien del oficialismo local\u201d, seguido de \u201calguien que proponga Franco Illescas, de la lista radical opositora\u201d y en tercer lugar \u201calguien del espacio de Emilio Monz\u00f3\u201d<\/strong>. Lo que en un primer momento se dijo \u201cCominotto-Arouxet-Moriones\u201d tiene sustento al menos en los espacios pol\u00edticos que representan. En nombres, todo est\u00e1 por verse. Si adem\u00e1s prestamos atenci\u00f3n a las fotos que ayer <a href=\"https:\/\/cdnoticias.com\/index.php\/2021\/07\/18\/evolucion-radical-en-plena-actividad-previo-al-cierre-de-listas\/\" target=\"_blank\" rel=\"noopener\">difundi\u00f3 la lista \u201cEvoluci\u00f3n radical\u201d<\/a>, destacaron el actual concejal Mart\u00edn Lastape y la vicepresidenta del comit\u00e9 local, Bel\u00e9n Vergel.<\/span><\/span><\/span><\/span><\/p>\n<p>&nbsp;<\/p>\n<p><span style=\"color: #000080;\"><span lang=\"zxx\"><span style=\"color: #000000;\"><span lang=\"es-ES\">En el medio, adem\u00e1s, <a href=\"https:\/\/cdnoticias.com\/index.php\/2021\/07\/16\/pensando-en-el-cierre-de-listas-se-presento-el-partido-del-dialogo-en-olavarria\/\" target=\"_blank\" rel=\"noopener\">se present\u00f3 el Partido del Di\u00e1logo<\/a>, que tiene referencia en <strong>el m\u00e9dico Juan Zyla y el empresario de medios Emilio Moriones<\/strong>. Tambi\u00e9n lo integra un viejo conocido por nosotros, <strong>Jorge Larreche<\/strong>. Al ex jefe de gabinete municipal se lo present\u00f3 como \u201creferente seccional\u201d, \u00bfZyla o Moriones integrar\u00e1n la lista?<\/span><\/span><\/span><\/span><\/p>\n<p>&nbsp;<\/p>\n<p><img data-recalc-dims=\"1\" loading=\"lazy\" decoding=\"async\" class=\"size-full wp-image-26976 aligncenter\" src=\"https:\/\/i0.wp.com\/cdnoticias.com\/wp-content\/uploads\/2021\/07\/bruno-cenizo-ezequiel1.jpg?resize=800%2C445&#038;ssl=1\" alt=\"\" width=\"800\" height=\"445\" srcset=\"https:\/\/i0.wp.com\/cdnoticias.com\/wp-content\/uploads\/2021\/07\/bruno-cenizo-ezequiel1.jpg?w=800&amp;ssl=1 800w, https:\/\/i0.wp.com\/cdnoticias.com\/wp-content\/uploads\/2021\/07\/bruno-cenizo-ezequiel1.jpg?resize=300%2C167&amp;ssl=1 300w, https:\/\/i0.wp.com\/cdnoticias.com\/wp-content\/uploads\/2021\/07\/bruno-cenizo-ezequiel1.jpg?resize=768%2C427&amp;ssl=1 768w\" sizes=\"auto, (max-width: 800px) 100vw, 800px\" \/><\/p>\n<p>&nbsp;<\/p>\n<p><strong><span style=\"color: #000080;\"><span lang=\"zxx\"><span style=\"color: #000000;\"><span lang=\"es-ES\">No se olviden de Caputo<\/span><\/span><\/span><\/span><\/strong><\/p>\n<p>&nbsp;<\/p>\n<p><span style=\"color: #000080;\"><span lang=\"zxx\"><span style=\"color: #000000;\"><span lang=\"es-ES\"><strong>Ezequiel Galli<\/strong> encara su \u00faltima semana pol\u00edtica previa al cierre en medio de definiciones, di\u00e1logos, tratando de esquivar sorpresas de \u00faltimo momento y, obviamente, con un ojo puesto en la gesti\u00f3n.<\/span><\/span><\/span><\/span><\/p>\n<p>&nbsp;<\/p>\n<p><span style=\"color: #000080;\"><span lang=\"zxx\"><span style=\"color: #000000;\"><span lang=\"es-ES\">Cuando todo parec\u00eda que <strong>Bruno Cenizo<\/strong> buscar\u00eda reelegir en el primer lugar de la lista, <strong>Germ\u00e1n Caputo tiene chances de encabezar la n\u00f3mina<\/strong>.<em> \u201cNo le disgustar\u00eda estar, pero por su rol actual y por su momento no puede ser menos que el primero\u201d<\/em> dijeron desde el Palacio San Mart\u00edn. \u00bfCambio de postura del funcionario que hace pocas semanas negaba toda postulaci\u00f3n? Fuerte. Todo es conjeturas, desde ya. Porque de aqu\u00ed al cierre falta mucho.<\/span><\/span><\/span><\/span><\/p>\n<p>&nbsp;<\/p>\n<p><img data-recalc-dims=\"1\" loading=\"lazy\" decoding=\"async\" class=\"size-full wp-image-23300 aligncenter\" src=\"https:\/\/i0.wp.com\/cdnoticias.com\/wp-content\/uploads\/2021\/06\/Galli-Caputo.jpg?resize=680%2C510&#038;ssl=1\" alt=\"\" width=\"680\" height=\"510\" srcset=\"https:\/\/i0.wp.com\/cdnoticias.com\/wp-content\/uploads\/2021\/06\/Galli-Caputo.jpg?w=680&amp;ssl=1 680w, https:\/\/i0.wp.com\/cdnoticias.com\/wp-content\/uploads\/2021\/06\/Galli-Caputo.jpg?resize=300%2C225&amp;ssl=1 300w\" sizes=\"auto, (max-width: 680px) 100vw, 680px\" \/><\/p>\n<p>&nbsp;<\/p>\n<p><span style=\"color: #000080;\"><span lang=\"zxx\"><span style=\"color: #000000;\"><span lang=\"es-ES\">De todos modos, no pareciera que Cenizo se quede afuera de la lista. Mismo caso para Mar\u00eda<strong> Jos\u00e9 Gonz\u00e1lez.<\/strong> Parad\u00f3jicamente, son los \u00fanicos que tendr\u00edan intenciones de renovar su banca cuatro a\u00f1os m\u00e1s. Quien tambi\u00e9n tiene chances es <strong>Ferm\u00edn Ferreira<\/strong>, aunque habr\u00eda pedido no ser parte de la n\u00f3mina este a\u00f1o y buscar nuevos horizontes desde otro lugar.<\/span><\/span><\/span><\/span><\/p>\n<p>&nbsp;<\/p>\n<p><span style=\"color: #000080;\"><span lang=\"zxx\"><span style=\"color: #000000;\"><span lang=\"es-ES\">Es, por lejos, <strong>el sector con m\u00e1s chances de sostener y quiz\u00e1s hasta aumentar la cantidad de bancas en el HCD<\/strong>: en la n\u00f3mina de 2017 estaban, cabe recordar, Celeste Arouxet y Mart\u00edn Lastape, los dos que abandonaron el bloque y armaron espacios aparte. \u00bfAlguno renovar\u00e1 en otro lugar?<\/span><\/span><\/span><\/span><\/p>\n<p>&nbsp;<\/p>\n<p><span style=\"color: #000080;\"><span lang=\"zxx\"><span style=\"color: #000000;\"><span lang=\"es-ES\"><strong>La negociaci\u00f3n de la S\u00e9ptima, sin los radicales, parece m\u00e1s clara aunque todav\u00eda es una loter\u00eda<\/strong>. Hilario Galli-Lucrecia Egger es por ahora el 1-2 m\u00e1s seguro para encabezar la n\u00f3mina. Sin Cellillo, el 3 es un signo de pregunta, aunque <strong>aparece la \u201cvariable carambola\u201d<\/strong> que puede generar complicaciones en el cierre.<\/span><\/span><\/span><\/span><\/p>\n<p>&nbsp;<\/p>\n<p><img data-recalc-dims=\"1\" loading=\"lazy\" decoding=\"async\" class=\"size-full wp-image-7754 aligncenter\" src=\"https:\/\/i0.wp.com\/cdnoticias.com\/wp-content\/uploads\/2020\/11\/galli-bertellys.jpg?resize=800%2C480&#038;ssl=1\" alt=\"\" width=\"800\" height=\"480\" srcset=\"https:\/\/i0.wp.com\/cdnoticias.com\/wp-content\/uploads\/2020\/11\/galli-bertellys.jpg?w=800&amp;ssl=1 800w, https:\/\/i0.wp.com\/cdnoticias.com\/wp-content\/uploads\/2020\/11\/galli-bertellys.jpg?resize=300%2C180&amp;ssl=1 300w, https:\/\/i0.wp.com\/cdnoticias.com\/wp-content\/uploads\/2020\/11\/galli-bertellys.jpg?resize=768%2C461&amp;ssl=1 768w\" sizes=\"auto, (max-width: 800px) 100vw, 800px\" \/><\/p>\n<p>&nbsp;<\/p>\n<p><span style=\"color: #000080;\"><span lang=\"zxx\"><span style=\"color: #000000;\"><span lang=\"es-ES\">\u00bfSe acuerdan que la semana pasada les contamos que en caso de bajarse, <strong>Jorge Macri<\/strong> pod\u00eda hacer \u201cmucho da\u00f1o\u201d? Pues bien, el da\u00f1o subyace en que para declinar su postulaci\u00f3n, habr\u00eda pedido un legislador \u201centrable\u201d por cada Secci\u00f3n. Eso incluye, claro, la S\u00e9ptima. \u00bfPodr\u00eda haber una variable completamente inesperada?<\/span><\/span><\/span><\/span><\/p>\n<p>&nbsp;<\/p>\n<p><span style=\"color: #000080;\"><span lang=\"zxx\"><span style=\"color: #000000;\"><span lang=\"es-ES\">Otro tema: Lucrecia Egger responde pol\u00edticamente al t\u00e1ndem Hern\u00e1n Bertellys-Alejandro Vieyra (adem\u00e1s que es la pareja de Egger) y ellos le responden pol\u00edticamente a <strong>Joaqu\u00edn De La Torre<\/strong>, dirigente que coquete\u00f3 con el randazzismo pero que jugar\u00e1 en Juntos. El ex funcionario provincial halag\u00f3, y mucho, al armado de Facundo Manes, mucho m\u00e1s que el de Diego Santilli\u2026\u00bfla decisi\u00f3n de De La Torre, puede condicionar a Bertellys, Vieyra y Egger? <strong>Otra variable inesperada\u2026<\/strong><\/span><\/span><\/span><\/span><\/p>\n<p>&nbsp;<\/p>\n<p><span style=\"color: #000080;\"><span lang=\"zxx\"><span style=\"color: #000000;\"><span lang=\"es-ES\">De todos modos, confianza hay, y mucha. Galli viene de ganar con contundencia en 2019, levantando a Vidal y Macri e incluso, haci\u00e9ndolos ganar en Olavarr\u00eda. Esa levantada qued\u00f3 marcada y el jefe comunal, ante conflictos y problemas pol\u00edticos, se encarga de resaltarla.<em> \u201cM\u00e1s de la mitad de los olavarrienses me eligieron\u2026\u201d dicen que anda repitiendo.<\/em><\/span><\/span><\/span><\/span><\/p>\n<p>&nbsp;<\/p>\n<p dir=\"ltr\"><strong>Coronel, Randazzo y\u2026otros nombres en disputa<\/strong><\/p>\n<p>&nbsp;<\/p>\n<p dir=\"ltr\">Finalmente, <a href=\"https:\/\/cdnoticias.com\/index.php\/2021\/07\/14\/el-pot-se-afianza-en-el-frente-vamos-con-vos\/\">Por Olavarr\u00eda Todos (dentro de Vecinalistas) cerr\u00f3 filas con Florencio Randazzo<\/a> y tiene lugar para disputar las elecciones. El <strong>Frente Vamos con Vos<\/strong> tiene muchos sectores adheridos aunque si de Olavarr\u00eda hablamos, <em>puede haber algunas sorpresas de \u00faltimo momento<\/em>.<\/p>\n<p><img data-recalc-dims=\"1\" loading=\"lazy\" decoding=\"async\" class=\"aligncenter wp-image-23468\" src=\"https:\/\/i0.wp.com\/cdnoticias.com\/wp-content\/uploads\/2021\/06\/WhatsApp-Image-2021-06-08-at-13.04.41.jpeg?resize=500%2C415&#038;ssl=1\" alt=\"\" width=\"500\" height=\"415\" srcset=\"https:\/\/i0.wp.com\/cdnoticias.com\/wp-content\/uploads\/2021\/06\/WhatsApp-Image-2021-06-08-at-13.04.41.jpeg?w=692&amp;ssl=1 692w, https:\/\/i0.wp.com\/cdnoticias.com\/wp-content\/uploads\/2021\/06\/WhatsApp-Image-2021-06-08-at-13.04.41.jpeg?resize=300%2C249&amp;ssl=1 300w\" sizes=\"auto, (max-width: 500px) 100vw, 500px\" \/><\/p>\n<p dir=\"ltr\">Entre <strong>las referencias del espacio en nuestra ciudad<\/strong>, no s\u00f3lo aparece Andrea Coronel y Mario Busto: est\u00e1n <em>Jos\u00e9 Stuppia, Germ\u00e1n Aramburu, Marisel Cides, Alberto Lestelle, \u201cTero\u201d Di Carlo, Maximiliano Muzzotto y hasta Daniel Demelli y Renzo Toranza<\/em>. Unos cuantos teniendo en cuenta las aspiraciones de cada uno de ellos.<\/p>\n<p>&nbsp;<\/p>\n<p dir=\"ltr\">Hay dos cuestiones claras. <strong>El POT buscar\u00e1 sostener a como de lugar el 1 en concejales<\/strong>, por un lado; no le ser\u00e1 para nada f\u00e1cil, por el otro. \u00bfQui\u00e9n o qui\u00e9nes prevalecer\u00e1n?<\/p>\n<p>&nbsp;<\/p>\n<p dir=\"ltr\">Hubo, finalmente, un nombre que sorprendi\u00f3 sobre todo por su visibilidad p\u00fablica de las \u00faltimas semanas: se trata del doctor <strong>Gast\u00f3n Seambelar<\/strong>, quien fue halagado por el Intendente por su actual gesti\u00f3n en el Hospital de Pediatr\u00eda. \u00bfPodr\u00eda dar una sorpresa? Parece extra\u00f1o, pero\u2026<\/p>\n<p>&nbsp;<\/p>\n<p><span style=\"text-decoration: underline;\"><strong>Un extracto<\/strong><\/span><\/p>\n<p>&nbsp;<\/p>\n<p>Estos temas, y otros m\u00e1s de la actualidad del \u00e1mbito pol\u00edtico local, se publicaron en la edici\u00f3n de este domingo del newsletter\u00a0<strong>Volver a las Fuentes<\/strong>\u00a0\u2013en esta edici\u00f3n,\u00a0<strong>\u201cSiete d\u00edas para afinar la lapicera\u201d<\/strong>\u00a0\u2013 que escriben semanalmente\u00a0<em>Alexis Grierson<\/em>\u00a0y\u00a0<em>Josefina Bargas<\/em>.<\/p>\n<p>&nbsp;<\/p>\n<p>La publicaci\u00f3n es gratuita, sale todos los domingos a la ma\u00f1ana.<a href=\"https:\/\/mailchi.mp\/472594949092\/siete-das-para-afinar-la-lapicera?e=e4ffb04d40\" target=\"_blank\" rel=\"noopener\">\u00a0La edici\u00f3n completa ac\u00e1<\/a>\u00a0y la<a href=\"https:\/\/gmail.us17.list-manage.com\/subscribe?u=cba2a41506a8e26d100c3f0f8&amp;id=63ce583cd9\" target=\"_blank\" rel=\"noopener\">\u00a0suscripci\u00f3n est\u00e1 abierta aqu\u00ed.<\/a><\/p>\n","protected":false},"excerpt":{"rendered":"<p>En cada frente, hay algunos trazos de lo que ser\u00e1 el cierre de listas y la campa\u00f1a para las PASO.<\/p>\n","protected":false},"author":4,"featured_media":26975,"comment_status":"closed","ping_status":"closed","sticky":false,"template":"","format":"standard","meta":{"_jetpack_memberships_contains_paid_content":false,"footnotes":""},"categories":[4,1],"tags":[],"class_list":["post-26973","post","type-post","status-publish","format-standard","has-post-thumbnail","hentry","category-politica","category-portada"],"jetpack_featured_media_url":"https:\/\/i0.wp.com\/cdnoticias.com\/wp-content\/uploads\/2021\/07\/cierre-de-listas.jpg?fit=1200%2C667&ssl=1","jetpack_sharing_enabled":true,"_links":{"self":[{"href":"https:\/\/cdnoticias.com\/index.php\/wp-json\/wp\/v2\/posts\/26973","targetHints":{"allow":["GET"]}}],"collection":[{"href":"https:\/\/cdnoticias.com\/index.php\/wp-json\/wp\/v2\/posts"}],"about":[{"href":"https:\/\/cdnoticias.com\/index.php\/wp-json\/wp\/v2\/types\/post"}],"author":[{"embeddable":true,"href":"https:\/\/cdnoticias.com\/index.php\/wp-json\/wp\/v2\/users\/4"}],"replies":[{"embeddable":true,"href":"https:\/\/cdnoticias.com\/index.php\/wp-json\/wp\/v2\/comments?post=26973"}],"version-history":[{"count":0,"href":"https:\/\/cdnoticias.com\/index.php\/wp-json\/wp\/v2\/posts\/26973\/revisions"}],"wp:featuredmedia":[{"embeddable":true,"href":"https:\/\/cdnoticias.com\/index.php\/wp-json\/wp\/v2\/media\/26975"}],"wp:attachment":[{"href":"https:\/\/cdnoticias.com\/index.php\/wp-json\/wp\/v2\/media?parent=26973"}],"wp:term":[{"taxonomy":"category","embeddable":true,"href":"https:\/\/cdnoticias.com\/index.php\/wp-json\/wp\/v2\/categories?post=26973"},{"taxonomy":"post_tag","embeddable":true,"href":"https:\/\/cdnoticias.com\/index.php\/wp-json\/wp\/v2\/tags?post=26973"}],"curies":[{"name":"wp","href":"https:\/\/api.w.org\/{rel}","templated":true}]}}