{"id":26941,"date":"2021-07-17T19:55:39","date_gmt":"2021-07-17T22:55:39","guid":{"rendered":"http:\/\/www.centraldenoticias.com.ar\/?p=26941"},"modified":"2021-07-17T19:55:39","modified_gmt":"2021-07-17T22:55:39","slug":"desde-el-colegio-departamental-se-celebro-la-designacion-de-nuevos-funcionarios-judiciales","status":"publish","type":"post","link":"https:\/\/cdnoticias.com\/index.php\/2021\/07\/17\/desde-el-colegio-departamental-se-celebro-la-designacion-de-nuevos-funcionarios-judiciales\/","title":{"rendered":"Desde el Colegio Departamental se celebr\u00f3 la designaci\u00f3n de nuevos funcionarios judiciales"},"content":{"rendered":"<p>\u201cEl camino es la comunicaci\u00f3n y el trabajo articulado\u201d, enfatiz\u00f3 el doctor Gast\u00f3n Argeri, presidente del Colegio del Departamento Judicial de Azul.<!--more--><\/p>\n<hr \/>\n<p>Tras la firma del decreto por parte del gobernador bonaerense Axel Kicillof, en las \u00faltimas horas fueron designados en sus cargos 31 magistrados de los 41 aprobados en la C\u00e1mara Baja el a\u00f1o pasado. El dato relevante es que<strong> dos de ellos, Roberto Pablo Molina Mara\u00f1\u00f3n (Defensor Oficial del Fuero Criminal y Correccional) y Gabriela Marina Dalla Valle (Asesora de Incapaces), pertenecen al Departamento Judicial de Azul.<\/strong><\/p>\n<p>&nbsp;<\/p>\n<p>La novedad no fue pasada por alto por el presidente del Colegio de Abogados del Departamento Judicial de Azul, G<strong>ast\u00f3n Argeri, quien celebr\u00f3 las designaciones y refiri\u00f3 al compromiso subrayado por la vicegobernadora de la Provincia, Ver\u00f3nica Magario<\/strong>, en su reciente visita a la ciudad de Tandil.<\/p>\n<p>&nbsp;<\/p>\n<p><img data-recalc-dims=\"1\" loading=\"lazy\" decoding=\"async\" class=\"alignnone size-large wp-image-16053\" src=\"https:\/\/i0.wp.com\/cdnoticias.com\/wp-content\/uploads\/2021\/03\/visita-magario-1.jpg?resize=800%2C450&#038;ssl=1\" alt=\"\" width=\"800\" height=\"450\" srcset=\"https:\/\/i0.wp.com\/cdnoticias.com\/wp-content\/uploads\/2021\/03\/visita-magario-1.jpg?w=1024&amp;ssl=1 1024w, https:\/\/i0.wp.com\/cdnoticias.com\/wp-content\/uploads\/2021\/03\/visita-magario-1.jpg?resize=300%2C169&amp;ssl=1 300w, https:\/\/i0.wp.com\/cdnoticias.com\/wp-content\/uploads\/2021\/03\/visita-magario-1.jpg?resize=768%2C432&amp;ssl=1 768w\" sizes=\"auto, (max-width: 800px) 100vw, 800px\" \/><\/p>\n<p>&nbsp;<\/p>\n<p><strong>\u201cLa pol\u00edtica y quienes entienden por ella una herramienta de transformaci\u00f3n siguen dando muestras de estar a la altura de las demandas sociales.<\/strong> Si bien estas designaciones fueron realizadas durante 2020, desde el Gobierno de la Provincia han sabido destinar\u00a0tiempo y espacio al di\u00e1logo en el cual se plantean diversas cuestiones vinculadas al ejercicio profesional de la abogac\u00eda y al funcionamiento del servicio de justicia, vi\u00e9ndose con buenos ojos el tratamiento de las designaciones\u201d, subray\u00f3 el titular del Colegio de Abogados Departamental.<\/p>\n<p>&nbsp;<\/p>\n<p>&#8220;El Poder Judicial ha sufrido, durante los \u00faltimos a\u00f1os, una p\u00e9rdida de lugares, de vacantes desocupadas en juzgados, fiscal\u00edas y c\u00e1maras, lo que conlleva a la sobrecarga de quienes est\u00e1n en ejercicio.\u00a0<strong>Magario advirti\u00f3 las insuficiencias pero tambi\u00e9n ratific\u00f3 el compromiso por comenzar a aportar soluciones para atenuar las grandes problem\u00e1ticas que afectan a la administraci\u00f3n de justicia en territorio bonaerense<\/strong>&#8220;, continu\u00f3 el letrado tandilense.<\/p>\n<p>&nbsp;<\/p>\n<p><img data-recalc-dims=\"1\" loading=\"lazy\" decoding=\"async\" class=\"alignnone size-large wp-image-23143\" src=\"https:\/\/i0.wp.com\/cdnoticias.com\/wp-content\/uploads\/2021\/06\/gaston-argeri-1.jpg?resize=800%2C533&#038;ssl=1\" alt=\"\" width=\"800\" height=\"533\" srcset=\"https:\/\/i0.wp.com\/cdnoticias.com\/wp-content\/uploads\/2021\/06\/gaston-argeri-1.jpg?resize=1024%2C682&amp;ssl=1 1024w, https:\/\/i0.wp.com\/cdnoticias.com\/wp-content\/uploads\/2021\/06\/gaston-argeri-1.jpg?resize=300%2C200&amp;ssl=1 300w, https:\/\/i0.wp.com\/cdnoticias.com\/wp-content\/uploads\/2021\/06\/gaston-argeri-1.jpg?resize=768%2C512&amp;ssl=1 768w, https:\/\/i0.wp.com\/cdnoticias.com\/wp-content\/uploads\/2021\/06\/gaston-argeri-1.jpg?resize=272%2C182&amp;ssl=1 272w, https:\/\/i0.wp.com\/cdnoticias.com\/wp-content\/uploads\/2021\/06\/gaston-argeri-1.jpg?w=1280&amp;ssl=1 1280w\" sizes=\"auto, (max-width: 800px) 100vw, 800px\" \/><\/p>\n<p>&nbsp;<\/p>\n<p>\u201cLa vicegobernadora articul\u00f3, durante su visita a nuestra ciudad, una agenda de trabajo que incluy\u00f3 una reuni\u00f3n con abogados y abogadas de la matr\u00edcula y diversos actores del Poder Judicial. <strong>Queda claro que hay una \u00a0sinton\u00eda fina entre lo que queda pendiente o en carpeta y las prioridades que establece Provincia, al respecto. El camino es la comunicaci\u00f3n y el trabajo articulado entre todos aquellos que formamos parte del servicio de justicia y creemos que encuentros como \u00e9se y otros que mantenemos regularmente allanan y nos permiten avanzar en esa direcci\u00f3n<\/strong>\u201d, concluy\u00f3 Argeri.<\/p>\n<p>&nbsp;<\/p>\n<p>Adem\u00e1s de Molina y Dalla Valle para el Departamento Judicial Azul, tambi\u00e9n <strong>se incluyeron designaciones para San Mart\u00edn, San Isidro, Mar del Plata, Lomas de Zamora, Mor\u00f3n, La Plata, La Matanza, Mercedes, Quilmes, Moreno-General Rodr\u00edguez, San Nicol\u00e1s y Bah\u00eda Blanca.<\/strong><\/p>\n","protected":false},"excerpt":{"rendered":"<p>\u201cEl camino es la comunicaci\u00f3n y el trabajo articulado\u201d, enfatiz\u00f3 el doctor Gast\u00f3n Argeri, presidente del Colegio del Departamento Judicial<\/p>\n","protected":false},"author":3,"featured_media":777,"comment_status":"closed","ping_status":"closed","sticky":false,"template":"","format":"standard","meta":{"_jetpack_memberships_contains_paid_content":false,"footnotes":""},"categories":[5],"tags":[],"class_list":["post-26941","post","type-post","status-publish","format-standard","has-post-thumbnail","hentry","category-informacion-general"],"jetpack_featured_media_url":"https:\/\/i0.wp.com\/cdnoticias.com\/wp-content\/uploads\/2020\/09\/caa.jpg?fit=1280%2C854&ssl=1","jetpack_sharing_enabled":true,"_links":{"self":[{"href":"https:\/\/cdnoticias.com\/index.php\/wp-json\/wp\/v2\/posts\/26941","targetHints":{"allow":["GET"]}}],"collection":[{"href":"https:\/\/cdnoticias.com\/index.php\/wp-json\/wp\/v2\/posts"}],"about":[{"href":"https:\/\/cdnoticias.com\/index.php\/wp-json\/wp\/v2\/types\/post"}],"author":[{"embeddable":true,"href":"https:\/\/cdnoticias.com\/index.php\/wp-json\/wp\/v2\/users\/3"}],"replies":[{"embeddable":true,"href":"https:\/\/cdnoticias.com\/index.php\/wp-json\/wp\/v2\/comments?post=26941"}],"version-history":[{"count":0,"href":"https:\/\/cdnoticias.com\/index.php\/wp-json\/wp\/v2\/posts\/26941\/revisions"}],"wp:featuredmedia":[{"embeddable":true,"href":"https:\/\/cdnoticias.com\/index.php\/wp-json\/wp\/v2\/media\/777"}],"wp:attachment":[{"href":"https:\/\/cdnoticias.com\/index.php\/wp-json\/wp\/v2\/media?parent=26941"}],"wp:term":[{"taxonomy":"category","embeddable":true,"href":"https:\/\/cdnoticias.com\/index.php\/wp-json\/wp\/v2\/categories?post=26941"},{"taxonomy":"post_tag","embeddable":true,"href":"https:\/\/cdnoticias.com\/index.php\/wp-json\/wp\/v2\/tags?post=26941"}],"curies":[{"name":"wp","href":"https:\/\/api.w.org\/{rel}","templated":true}]}}