{"id":2691,"date":"2020-09-28T17:28:26","date_gmt":"2020-09-28T20:28:26","guid":{"rendered":"http:\/\/www.centraldenoticias.com.ar\/?p=2691"},"modified":"2020-09-28T18:16:38","modified_gmt":"2020-09-28T21:16:38","slug":"en-la-pandemia-los-abortos-son-una-urgencia-real-que-debe-atenderse","status":"publish","type":"post","link":"https:\/\/cdnoticias.com\/index.php\/2020\/09\/28\/en-la-pandemia-los-abortos-son-una-urgencia-real-que-debe-atenderse\/","title":{"rendered":"\u201cEn la pandemia los abortos son una urgencia real que debe atenderse\u201d"},"content":{"rendered":"<p>&nbsp;<\/p>\n<p>As\u00ed lo indicaron desde la Campa\u00f1a Nacional por el Derecho al Aborto en el marco de una jornada global de lucha. Si bien, desde la Campa\u00f1a no hubo una convocatoria a movilizar, <strong>en Olavarr\u00eda se realiz\u00f3 una concentraci\u00f3n y caminata respetando los protocolos de bioseguridad.<\/strong><!--more--><\/p>\n<hr \/>\n<p>El 28 de septiembre es el <strong>D\u00eda de la lucha por la Legalizaci\u00f3n del Aborto en Am\u00e9rica Latina y el Caribe.<\/strong> El a\u00f1o pasado, el proyecto de la Campa\u00f1a Nacional por el Derecho al Aborto se volvi\u00f3 a presentar por octava vez, tiene estado parlamentario, pero a\u00fan no fue tratado.<\/p>\n<p>&nbsp;<\/p>\n<p>En este contexto, <strong>se exigi\u00f3 la \u201curgente\u201d sanci\u00f3n de la ley de Interrupci\u00f3n Voluntaria del Embarazo<\/strong>. Y en Olavarr\u00eda se llev\u00f3 a cabo una <strong>concentraci\u00f3n en el Parque Mitre y \u201ccaminata por el aborto legal&#8221;.<\/strong><\/p>\n<p>&nbsp;<\/p>\n<p><em>\u201c<strong>No queremos m\u00e1s muertes ni c\u00e1rcel por abortar, ni\u00f1as torturadas ni abortos inseguros.<\/strong> Exigimos el reconocimiento de nuestro derecho a decidir. Este 2020, Sr. Presidente, Senadoras, Senadores, Diputadas y Diputados: \u00a1EXIGIMOS ABORTO LEGAL, SEGURO Y GRATUITO YA!\u201d<\/em>, comunicaron desde la Campa\u00f1a, que nuclea a distintas organizaciones de mujeres, LGBTTI, de derechos humanos, pol\u00edticas, y sociales de todo el pa\u00eds.<\/p>\n<p>&nbsp;<\/p>\n<p><img data-recalc-dims=\"1\" loading=\"lazy\" decoding=\"async\" class=\"alignnone size-large wp-image-2695\" src=\"https:\/\/i0.wp.com\/cdnoticias.com\/wp-content\/uploads\/2020\/09\/movilizaci%C3%B3n-ILE-4-1024x683.jpg?resize=800%2C534&#038;ssl=1\" alt=\"\" width=\"800\" height=\"534\" srcset=\"https:\/\/i0.wp.com\/cdnoticias.com\/wp-content\/uploads\/2020\/09\/movilizaci%C3%B3n-ILE-4.jpg?resize=1024%2C683&amp;ssl=1 1024w, https:\/\/i0.wp.com\/cdnoticias.com\/wp-content\/uploads\/2020\/09\/movilizaci%C3%B3n-ILE-4.jpg?resize=300%2C200&amp;ssl=1 300w, https:\/\/i0.wp.com\/cdnoticias.com\/wp-content\/uploads\/2020\/09\/movilizaci%C3%B3n-ILE-4.jpg?resize=768%2C512&amp;ssl=1 768w, https:\/\/i0.wp.com\/cdnoticias.com\/wp-content\/uploads\/2020\/09\/movilizaci%C3%B3n-ILE-4.jpg?resize=272%2C182&amp;ssl=1 272w, https:\/\/i0.wp.com\/cdnoticias.com\/wp-content\/uploads\/2020\/09\/movilizaci%C3%B3n-ILE-4.jpg?w=1600&amp;ssl=1 1600w, https:\/\/i0.wp.com\/cdnoticias.com\/wp-content\/uploads\/2020\/09\/movilizaci%C3%B3n-ILE-4.jpg?w=2400&amp;ssl=1 2400w\" sizes=\"auto, (max-width: 800px) 100vw, 800px\" \/><\/p>\n<p>&nbsp;<\/p>\n<p><img data-recalc-dims=\"1\" loading=\"lazy\" decoding=\"async\" class=\"alignnone size-large wp-image-2693\" src=\"https:\/\/i0.wp.com\/cdnoticias.com\/wp-content\/uploads\/2020\/09\/movilizaci%C3%B3n-ILE-2-1024x683.jpg?resize=800%2C534&#038;ssl=1\" alt=\"\" width=\"800\" height=\"534\" srcset=\"https:\/\/i0.wp.com\/cdnoticias.com\/wp-content\/uploads\/2020\/09\/movilizaci%C3%B3n-ILE-2.jpg?resize=1024%2C683&amp;ssl=1 1024w, https:\/\/i0.wp.com\/cdnoticias.com\/wp-content\/uploads\/2020\/09\/movilizaci%C3%B3n-ILE-2.jpg?resize=300%2C200&amp;ssl=1 300w, https:\/\/i0.wp.com\/cdnoticias.com\/wp-content\/uploads\/2020\/09\/movilizaci%C3%B3n-ILE-2.jpg?resize=768%2C512&amp;ssl=1 768w, https:\/\/i0.wp.com\/cdnoticias.com\/wp-content\/uploads\/2020\/09\/movilizaci%C3%B3n-ILE-2.jpg?resize=272%2C182&amp;ssl=1 272w, https:\/\/i0.wp.com\/cdnoticias.com\/wp-content\/uploads\/2020\/09\/movilizaci%C3%B3n-ILE-2.jpg?w=1600&amp;ssl=1 1600w, https:\/\/i0.wp.com\/cdnoticias.com\/wp-content\/uploads\/2020\/09\/movilizaci%C3%B3n-ILE-2.jpg?w=2400&amp;ssl=1 2400w\" sizes=\"auto, (max-width: 800px) 100vw, 800px\" \/><\/p>\n<p>&nbsp;<\/p>\n<p><em>\u201cLlevamos 15 a\u00f1os de lucha por una ley que es una cuesti\u00f3n de salud p\u00fablica. De haber sido aprobada en 2018, Liliana de Santiago del Estero, B. de la Matanza, Ivana de Formosa, y tantas otras m\u00e1s no hubieran muerto, obligadas a buscar m\u00e9todos inseguros para interrumpir un embarazo\u201d<\/em>, se\u00f1alaron a trav\u00e9s de un comunicado.<\/p>\n<p>&nbsp;<\/p>\n<blockquote><p>En la pandemia los abortos son una urgencia real que debe atenderse. Nuestro proyecto de Ley de Interrupci\u00f3n Voluntaria del Embarazo, impulsado por m\u00e1s de 700 organizaciones de diversa \u00edndole, debe aprobarse de manera urgente. Apelamos a los poderes p\u00fablicos a que esta necesidad sea una realidad y un derecho efectivo.<\/p><\/blockquote>\n<p>&nbsp;<\/p>\n<p><em>\u201c<strong>En Argentina las ni\u00f1as abusadas son forzadas a gestar y a parir, hecho que califica como tortura.<\/strong> Se les niega su derecho a la interrupci\u00f3n legal del embarazo -contemplado en el C\u00f3digo Penal desde 1921-, a la salud integral, a la educaci\u00f3n sexual integral y a vivir una vida libre de violencias. Las obstaculizaciones y discriminaciones se recrudecen a\u00fan m\u00e1s en los casos de mujeres y ni\u00f1as de los pueblos originarios. Las presas por abortar sufren la estigmatizaci\u00f3n y las rejas que disciplinan su decisi\u00f3n. Sin contar con la atenci\u00f3n adecuada, son sometidas a maltratos por profesionales de la salud que act\u00faan en complicidad con agentes de la Justicia, la polic\u00eda y los medios de comunicaci\u00f3n\u201d<\/em>, afirmaron.<\/p>\n<p>&nbsp;<\/p>\n<p><img data-recalc-dims=\"1\" loading=\"lazy\" decoding=\"async\" class=\"alignnone size-large wp-image-2701\" src=\"https:\/\/i0.wp.com\/cdnoticias.com\/wp-content\/uploads\/2020\/09\/movilizaci%C3%B3n-ILE-10-1024x683.jpg?resize=800%2C534&#038;ssl=1\" alt=\"\" width=\"800\" height=\"534\" srcset=\"https:\/\/i0.wp.com\/cdnoticias.com\/wp-content\/uploads\/2020\/09\/movilizaci%C3%B3n-ILE-10.jpg?resize=1024%2C683&amp;ssl=1 1024w, https:\/\/i0.wp.com\/cdnoticias.com\/wp-content\/uploads\/2020\/09\/movilizaci%C3%B3n-ILE-10.jpg?resize=300%2C200&amp;ssl=1 300w, https:\/\/i0.wp.com\/cdnoticias.com\/wp-content\/uploads\/2020\/09\/movilizaci%C3%B3n-ILE-10.jpg?resize=768%2C512&amp;ssl=1 768w, https:\/\/i0.wp.com\/cdnoticias.com\/wp-content\/uploads\/2020\/09\/movilizaci%C3%B3n-ILE-10.jpg?resize=272%2C182&amp;ssl=1 272w, https:\/\/i0.wp.com\/cdnoticias.com\/wp-content\/uploads\/2020\/09\/movilizaci%C3%B3n-ILE-10.jpg?w=1600&amp;ssl=1 1600w, https:\/\/i0.wp.com\/cdnoticias.com\/wp-content\/uploads\/2020\/09\/movilizaci%C3%B3n-ILE-10.jpg?w=2400&amp;ssl=1 2400w\" sizes=\"auto, (max-width: 800px) 100vw, 800px\" \/><\/p>\n<p>&nbsp;<\/p>\n<p>En este <strong>contexto de emergencia sanitaria<\/strong><em> \u201cse profundizan los obst\u00e1culos en el acceso a la salud sexual y (no) reproductiva\u201d, advierten y agregan: \u201clos equipos sanitarios que hoy atienden las interrupciones legales del embarazo redoblan sus esfuerzos para garantizar este derecho, pero no alcanza. Por eso: es urgente, es prioridad y es esencial legalizar el aborto voluntario\u201d.<\/em><\/p>\n<p>&nbsp;<\/p>\n<p><img data-recalc-dims=\"1\" loading=\"lazy\" decoding=\"async\" class=\"alignnone size-large wp-image-2700\" src=\"https:\/\/i0.wp.com\/cdnoticias.com\/wp-content\/uploads\/2020\/09\/movilizaci%C3%B3n-ILE-9-1024x683.jpg?resize=800%2C534&#038;ssl=1\" alt=\"\" width=\"800\" height=\"534\" srcset=\"https:\/\/i0.wp.com\/cdnoticias.com\/wp-content\/uploads\/2020\/09\/movilizaci%C3%B3n-ILE-9.jpg?resize=1024%2C683&amp;ssl=1 1024w, https:\/\/i0.wp.com\/cdnoticias.com\/wp-content\/uploads\/2020\/09\/movilizaci%C3%B3n-ILE-9.jpg?resize=300%2C200&amp;ssl=1 300w, https:\/\/i0.wp.com\/cdnoticias.com\/wp-content\/uploads\/2020\/09\/movilizaci%C3%B3n-ILE-9.jpg?resize=768%2C512&amp;ssl=1 768w, https:\/\/i0.wp.com\/cdnoticias.com\/wp-content\/uploads\/2020\/09\/movilizaci%C3%B3n-ILE-9.jpg?resize=272%2C182&amp;ssl=1 272w, https:\/\/i0.wp.com\/cdnoticias.com\/wp-content\/uploads\/2020\/09\/movilizaci%C3%B3n-ILE-9.jpg?w=1600&amp;ssl=1 1600w, https:\/\/i0.wp.com\/cdnoticias.com\/wp-content\/uploads\/2020\/09\/movilizaci%C3%B3n-ILE-9.jpg?w=2400&amp;ssl=1 2400w\" sizes=\"auto, (max-width: 800px) 100vw, 800px\" \/><\/p>\n<p>&nbsp;<\/p>\n<p>Por \u00faltimo, resaltaron que <em>\u201cla negativa a sancionar la ley que reclamamos, y la insistencia en sostener un marco jur\u00eddico que cotidianamente muestra sus limitaciones, pone en riesgo nuestra salud y nuestras vidas. <strong>Las internaciones por complicaciones de abortos inseguros suman m\u00e1s de 49 mil anualmente, lo cual presiona a\u00fan m\u00e1s al sistema de salud<\/strong>\u201d.<\/em><\/p>\n","protected":false},"excerpt":{"rendered":"<p>&nbsp; As\u00ed lo indicaron desde la Campa\u00f1a Nacional por el Derecho al Aborto en el marco de una jornada global<\/p>\n","protected":false},"author":2,"featured_media":2699,"comment_status":"closed","ping_status":"closed","sticky":false,"template":"","format":"standard","meta":{"_jetpack_memberships_contains_paid_content":false,"footnotes":""},"categories":[3,1],"tags":[],"class_list":["post-2691","post","type-post","status-publish","format-standard","has-post-thumbnail","hentry","category-genero","category-portada"],"jetpack_featured_media_url":"https:\/\/i0.wp.com\/cdnoticias.com\/wp-content\/uploads\/2020\/09\/movilizaci%C3%B3n-ILE-8.jpg?fit=4608%2C3072&ssl=1","jetpack_sharing_enabled":true,"_links":{"self":[{"href":"https:\/\/cdnoticias.com\/index.php\/wp-json\/wp\/v2\/posts\/2691","targetHints":{"allow":["GET"]}}],"collection":[{"href":"https:\/\/cdnoticias.com\/index.php\/wp-json\/wp\/v2\/posts"}],"about":[{"href":"https:\/\/cdnoticias.com\/index.php\/wp-json\/wp\/v2\/types\/post"}],"author":[{"embeddable":true,"href":"https:\/\/cdnoticias.com\/index.php\/wp-json\/wp\/v2\/users\/2"}],"replies":[{"embeddable":true,"href":"https:\/\/cdnoticias.com\/index.php\/wp-json\/wp\/v2\/comments?post=2691"}],"version-history":[{"count":0,"href":"https:\/\/cdnoticias.com\/index.php\/wp-json\/wp\/v2\/posts\/2691\/revisions"}],"wp:featuredmedia":[{"embeddable":true,"href":"https:\/\/cdnoticias.com\/index.php\/wp-json\/wp\/v2\/media\/2699"}],"wp:attachment":[{"href":"https:\/\/cdnoticias.com\/index.php\/wp-json\/wp\/v2\/media?parent=2691"}],"wp:term":[{"taxonomy":"category","embeddable":true,"href":"https:\/\/cdnoticias.com\/index.php\/wp-json\/wp\/v2\/categories?post=2691"},{"taxonomy":"post_tag","embeddable":true,"href":"https:\/\/cdnoticias.com\/index.php\/wp-json\/wp\/v2\/tags?post=2691"}],"curies":[{"name":"wp","href":"https:\/\/api.w.org\/{rel}","templated":true}]}}