{"id":26886,"date":"2021-07-17T16:08:17","date_gmt":"2021-07-17T19:08:17","guid":{"rendered":"http:\/\/www.centraldenoticias.com.ar\/?p=26886"},"modified":"2021-07-17T16:08:17","modified_gmt":"2021-07-17T19:08:17","slug":"acto-por-el-dia-del-agente-penitenciario-en-sierra-chica","status":"publish","type":"post","link":"https:\/\/cdnoticias.com\/index.php\/2021\/07\/17\/acto-por-el-dia-del-agente-penitenciario-en-sierra-chica\/","title":{"rendered":"Acto por el D\u00eda del Agente Penitenciario en Sierra Chica"},"content":{"rendered":"<p>Se llev\u00f3 a cabo en la plaza de armas de la Unidad Penal N\u00b0 2. En la ocasi\u00f3n tambi\u00e9n se entregaron distintos a los directores de las c\u00e1rceles de la regi\u00f3n.<!--more--><\/p>\n<hr \/>\n<p><strong>La Plaza de Armas de la Unidad Penitenciaria N\u00ba 2 de Sierra Chica fue el escenario del festejo por el D\u00eda del agente penitenciario\u00a0 del personal del Complejo Penitenciario Centro Zona Sur<\/strong>, que abarca adem\u00e1s las Unidades 27 y 38 de la misma localidad y 17 de Urdampilleta. El acto fue presidido por el Subjefe del Servicio, el Inspector General Juan Carlos Vaccaro.<\/p>\n<p>&nbsp;<\/p>\n<p>Seg\u00fan se detall\u00f3, una delegaci\u00f3n reducida de diez agentes junto a la bandera nacional y provincial de cada una de las Unidades brindaron el marco de calidez que acompa\u00f1\u00f3 a los presentes. <strong>\u201cEstoy orgulloso del equipo de trabajo que hay en este Complejo, del trabajo que cada uno de los agentes hace en este lugar. El Ministro de Justicia y el Subsecretario de Pol\u00edticas Penitenciarias les env\u00eda sus felicitaciones por el trabajo que realizan a diario. Yo me siento parte de este equipo porque tuve el honor de haber trabajado ac\u00e1 junto a mi padre, lo cual me emociona y me impulsa cada d\u00eda\u201d<\/strong>,\u00a0 indic\u00f3 el funcionario sin ocultar su emoci\u00f3n.<\/p>\n<p>&nbsp;<\/p>\n<p><img data-recalc-dims=\"1\" loading=\"lazy\" decoding=\"async\" class=\"alignnone size-large wp-image-26888\" src=\"https:\/\/i0.wp.com\/cdnoticias.com\/wp-content\/uploads\/2021\/07\/CCZS-Acto-por-el-D%C3%ADa-del-Agente-Penitenciario-en-Sierra-Chica-2-1024x587.jpeg?resize=800%2C459&#038;ssl=1\" alt=\"\" width=\"800\" height=\"459\" srcset=\"https:\/\/i0.wp.com\/cdnoticias.com\/wp-content\/uploads\/2021\/07\/CCZS-Acto-por-el-D%C3%ADa-del-Agente-Penitenciario-en-Sierra-Chica-2.jpeg?resize=1024%2C587&amp;ssl=1 1024w, https:\/\/i0.wp.com\/cdnoticias.com\/wp-content\/uploads\/2021\/07\/CCZS-Acto-por-el-D%C3%ADa-del-Agente-Penitenciario-en-Sierra-Chica-2.jpeg?resize=300%2C172&amp;ssl=1 300w, https:\/\/i0.wp.com\/cdnoticias.com\/wp-content\/uploads\/2021\/07\/CCZS-Acto-por-el-D%C3%ADa-del-Agente-Penitenciario-en-Sierra-Chica-2.jpeg?resize=768%2C440&amp;ssl=1 768w, https:\/\/i0.wp.com\/cdnoticias.com\/wp-content\/uploads\/2021\/07\/CCZS-Acto-por-el-D%C3%ADa-del-Agente-Penitenciario-en-Sierra-Chica-2.jpeg?w=1599&amp;ssl=1 1599w\" sizes=\"auto, (max-width: 800px) 100vw, 800px\" \/><\/p>\n<p>&nbsp;<\/p>\n<p>En su discurso, tambi\u00e9n hizo hincapi\u00e9 en el trabajo que realizan los empleados penitenciarios dentro de los establecimientos carcelarios.<strong> \u201cA pesar de todas las vicisitudes que hemos atravesado, estamos ac\u00e1, presentes, porque nos debemos a este trabajo que elegimos, esta labor que llevo muy profundamente en mi coraz\u00f3n y que inspir\u00f3 mi padre\u201d y tambi\u00e9n valoriz\u00f3 \u201ca la familia, nuestro c\u00e1lido reconocimiento, porque son el pilar y sost\u00e9n para poder continuar en esta carrera\u201d<\/strong>, enfatiz\u00f3.<\/p>\n<p>&nbsp;<\/p>\n<p>Vaccaro estuvo acompa\u00f1ado por el jefe del Complejo Penitenciario Centro Zona Sur, Inspector Mayor Dar\u00edo Castagnino, su Secretario de Coordinaci\u00f3n, Inspector Mayor Abel Ram\u00edrez junto a los directores y subdirectores de las Unidades que integran el Complejo.<strong> El capell\u00e1n Jos\u00e9 Cuattrocchio ofici\u00f3 una oraci\u00f3n de acci\u00f3n de gracias, bendijo a los agentes y los encomend\u00f3 a la Virgen del Carmen patrona de la instituci\u00f3n<\/strong>.<\/p>\n<p>&nbsp;<\/p>\n<p><img data-recalc-dims=\"1\" loading=\"lazy\" decoding=\"async\" class=\"alignnone size-large wp-image-26887\" src=\"https:\/\/i0.wp.com\/cdnoticias.com\/wp-content\/uploads\/2021\/07\/CCZS-Acto-por-el-D%C3%ADa-del-Agente-Penitenciario-en-Sierra-Chica-1-1024x864.jpeg?resize=800%2C675&#038;ssl=1\" alt=\"\" width=\"800\" height=\"675\" srcset=\"https:\/\/i0.wp.com\/cdnoticias.com\/wp-content\/uploads\/2021\/07\/CCZS-Acto-por-el-D%C3%ADa-del-Agente-Penitenciario-en-Sierra-Chica-1.jpeg?resize=1024%2C864&amp;ssl=1 1024w, https:\/\/i0.wp.com\/cdnoticias.com\/wp-content\/uploads\/2021\/07\/CCZS-Acto-por-el-D%C3%ADa-del-Agente-Penitenciario-en-Sierra-Chica-1.jpeg?resize=300%2C253&amp;ssl=1 300w, https:\/\/i0.wp.com\/cdnoticias.com\/wp-content\/uploads\/2021\/07\/CCZS-Acto-por-el-D%C3%ADa-del-Agente-Penitenciario-en-Sierra-Chica-1.jpeg?resize=768%2C648&amp;ssl=1 768w, https:\/\/i0.wp.com\/cdnoticias.com\/wp-content\/uploads\/2021\/07\/CCZS-Acto-por-el-D%C3%ADa-del-Agente-Penitenciario-en-Sierra-Chica-1.jpeg?w=1226&amp;ssl=1 1226w\" sizes=\"auto, (max-width: 800px) 100vw, 800px\" \/><\/p>\n<p>&nbsp;<\/p>\n<p>Bendijo tambi\u00e9n las <strong>medallas que recibieron como distinci\u00f3n al cumplir 25 a\u00f1os de servicio a los directores de las Unidades 2, 17 y 38<\/strong>, Prefecto Mayor Cristian Pastorino, Prefecto Mayor Mariano Ciancio Gelosi y Prefecto Mayor Guillermo Deandreis respectivamente.<\/p>\n<p>&nbsp;<\/p>\n<p>El Dr. Julio Alak Ministro de Justicia y Derechos Humanos envi\u00f3 su saludo \u201cles hago llegar el reconocimiento del gobierno y de todo el pueblo de la provincia de Buenos Aires por la esforzada labor que llevan adelante en la 65 unidades penales y alcald\u00edas del Servicio Penitenciario Bonaerense. En este d\u00eda quiero destacar especialmente el alto sentido del deber demostrado, en este momento dram\u00e1tico que vive la humanidad, conmovida por la pandemia del COVID- 19, donde <strong>el compromiso de todo el SPB determin\u00f3 que sea uno de los tres sistemas con menor cantidad de contagios del mundo<\/strong>. Se trata de una tarea que requiere un fuerte compromiso con el nuevo paradigma penitenciario, basado en la capacitaci\u00f3n de las personas privadas de la libertad para contribuir a su reinserci\u00f3n social en el marco irrestricto de los derechos humanos,\u00a0 y con el objetivo irrenunciable de contribuir permanentemente con la seguridad ciudadana\u201d.<\/p>\n<p>&nbsp;<\/p>\n","protected":false},"excerpt":{"rendered":"<p>Se llev\u00f3 a cabo en la plaza de armas de la Unidad Penal N\u00b0 2. En la ocasi\u00f3n tambi\u00e9n se<\/p>\n","protected":false},"author":3,"featured_media":26890,"comment_status":"closed","ping_status":"closed","sticky":false,"template":"","format":"standard","meta":{"_jetpack_memberships_contains_paid_content":false,"footnotes":""},"categories":[5],"tags":[],"class_list":["post-26886","post","type-post","status-publish","format-standard","has-post-thumbnail","hentry","category-informacion-general"],"jetpack_featured_media_url":"https:\/\/i0.wp.com\/cdnoticias.com\/wp-content\/uploads\/2021\/07\/CCZS-Acto-por-el-D%C3%ADa-del-Agente-Penitenciario-en-Sierra-Chica-6.jpeg?fit=1599%2C1051&ssl=1","jetpack_sharing_enabled":true,"_links":{"self":[{"href":"https:\/\/cdnoticias.com\/index.php\/wp-json\/wp\/v2\/posts\/26886","targetHints":{"allow":["GET"]}}],"collection":[{"href":"https:\/\/cdnoticias.com\/index.php\/wp-json\/wp\/v2\/posts"}],"about":[{"href":"https:\/\/cdnoticias.com\/index.php\/wp-json\/wp\/v2\/types\/post"}],"author":[{"embeddable":true,"href":"https:\/\/cdnoticias.com\/index.php\/wp-json\/wp\/v2\/users\/3"}],"replies":[{"embeddable":true,"href":"https:\/\/cdnoticias.com\/index.php\/wp-json\/wp\/v2\/comments?post=26886"}],"version-history":[{"count":0,"href":"https:\/\/cdnoticias.com\/index.php\/wp-json\/wp\/v2\/posts\/26886\/revisions"}],"wp:featuredmedia":[{"embeddable":true,"href":"https:\/\/cdnoticias.com\/index.php\/wp-json\/wp\/v2\/media\/26890"}],"wp:attachment":[{"href":"https:\/\/cdnoticias.com\/index.php\/wp-json\/wp\/v2\/media?parent=26886"}],"wp:term":[{"taxonomy":"category","embeddable":true,"href":"https:\/\/cdnoticias.com\/index.php\/wp-json\/wp\/v2\/categories?post=26886"},{"taxonomy":"post_tag","embeddable":true,"href":"https:\/\/cdnoticias.com\/index.php\/wp-json\/wp\/v2\/tags?post=26886"}],"curies":[{"name":"wp","href":"https:\/\/api.w.org\/{rel}","templated":true}]}}