{"id":26884,"date":"2021-07-17T15:55:19","date_gmt":"2021-07-17T18:55:19","guid":{"rendered":"http:\/\/www.centraldenoticias.com.ar\/?p=26884"},"modified":"2021-07-17T15:55:19","modified_gmt":"2021-07-17T18:55:19","slug":"restablecieron-el-servicio-electrico-en-el-barrio-facundo-quiroga","status":"publish","type":"post","link":"https:\/\/cdnoticias.com\/index.php\/2021\/07\/17\/restablecieron-el-servicio-electrico-en-el-barrio-facundo-quiroga\/","title":{"rendered":"Restablecieron el servicio el\u00e9ctrico en el barrio Facundo Quiroga"},"content":{"rendered":"<p>As\u00ed fue confirmado desde Coopelectric a partir de la culminaci\u00f3n de las tareas en el lugar. El suministro se vio afectado por alrededor de dos horas.<!--more--><\/p>\n<hr \/>\n<p>Alrededor de las 15.30, desde Coopelectric se inform\u00f3 que<strong> se normaliz\u00f3 completamente el suministro el\u00e9ctrico en el barrio Facundo Quiroga<\/strong>, el cual se hab\u00eda visto afectado debido a<a href=\"https:\/\/cdnoticias.com\/index.php\/2021\/07\/17\/servicio-electrico-afectado-en-el-barrio-facundo-quiroga-i\/\" target=\"_blank\" rel=\"noopener\"> la salida de servicio de una subestaci\u00f3n, seg\u00fan se hab\u00eda detallado en el inicio de la tarde.<\/a><\/p>\n<p>&nbsp;<\/p>\n<p>Desde ese entonces permanec\u00edan las tareas en el lugar, habiendo podido restablecer el suministro de manera parcial minutos despu\u00e9s. Afortunadamente, <strong>ahora ya el servicio se encuentra normalizado.<\/strong><\/p>\n<p>&nbsp;<\/p>\n<p>&nbsp;<\/p>\n","protected":false},"excerpt":{"rendered":"<p>As\u00ed fue confirmado desde Coopelectric a partir de la culminaci\u00f3n de las tareas en el lugar. El suministro se vio<\/p>\n","protected":false},"author":3,"featured_media":6841,"comment_status":"closed","ping_status":"closed","sticky":false,"template":"","format":"standard","meta":{"_jetpack_memberships_contains_paid_content":false,"footnotes":""},"categories":[5,1],"tags":[],"class_list":["post-26884","post","type-post","status-publish","format-standard","has-post-thumbnail","hentry","category-informacion-general","category-portada"],"jetpack_featured_media_url":"https:\/\/i0.wp.com\/cdnoticias.com\/wp-content\/uploads\/2020\/11\/01-Tareas-Alimentador-N%C2%B0-1.jpg?fit=1365%2C768&ssl=1","jetpack_sharing_enabled":true,"_links":{"self":[{"href":"https:\/\/cdnoticias.com\/index.php\/wp-json\/wp\/v2\/posts\/26884","targetHints":{"allow":["GET"]}}],"collection":[{"href":"https:\/\/cdnoticias.com\/index.php\/wp-json\/wp\/v2\/posts"}],"about":[{"href":"https:\/\/cdnoticias.com\/index.php\/wp-json\/wp\/v2\/types\/post"}],"author":[{"embeddable":true,"href":"https:\/\/cdnoticias.com\/index.php\/wp-json\/wp\/v2\/users\/3"}],"replies":[{"embeddable":true,"href":"https:\/\/cdnoticias.com\/index.php\/wp-json\/wp\/v2\/comments?post=26884"}],"version-history":[{"count":0,"href":"https:\/\/cdnoticias.com\/index.php\/wp-json\/wp\/v2\/posts\/26884\/revisions"}],"wp:featuredmedia":[{"embeddable":true,"href":"https:\/\/cdnoticias.com\/index.php\/wp-json\/wp\/v2\/media\/6841"}],"wp:attachment":[{"href":"https:\/\/cdnoticias.com\/index.php\/wp-json\/wp\/v2\/media?parent=26884"}],"wp:term":[{"taxonomy":"category","embeddable":true,"href":"https:\/\/cdnoticias.com\/index.php\/wp-json\/wp\/v2\/categories?post=26884"},{"taxonomy":"post_tag","embeddable":true,"href":"https:\/\/cdnoticias.com\/index.php\/wp-json\/wp\/v2\/tags?post=26884"}],"curies":[{"name":"wp","href":"https:\/\/api.w.org\/{rel}","templated":true}]}}