{"id":2685,"date":"2020-09-28T16:35:50","date_gmt":"2020-09-28T19:35:50","guid":{"rendered":"http:\/\/www.centraldenoticias.com.ar\/?p=2685"},"modified":"2020-09-28T16:36:40","modified_gmt":"2020-09-28T19:36:40","slug":"en-laprida-murio-una-mujer-que-habia-dado-positivo-de-coronavirus","status":"publish","type":"post","link":"https:\/\/cdnoticias.com\/index.php\/2020\/09\/28\/en-laprida-murio-una-mujer-que-habia-dado-positivo-de-coronavirus\/","title":{"rendered":"En Laprida muri\u00f3 una mujer que hab\u00eda dado positivo de coronavirus"},"content":{"rendered":"<p>Si bien se hab\u00eda recuperado de la enfermedad, inclusive hab\u00eda dado negativo test posteriores, el deterioro en su salud ocasion\u00f3 el deceso en las \u00faltimas horas. Ten\u00eda domicilio en La Madrid, por lo que se desconoce en qu\u00e9 distrito ser\u00e1 contabilizado el deceso.<\/p>\n<hr \/>\n<p>En las \u00faltimas horas el municipio de Laprida confirm\u00f3 el <strong>deceso de dos pacientes que se encontraban internadas en el Hospital Municipal Pedro Sancholuz en el \u00e1rea de aislamiento de Covid19<\/strong>. La novedad fue detallada en una conferencia de prensa encabezada por responsables del \u00e1rea de salud del municipio vecino.<\/p>\n<p>&nbsp;<\/p>\n<p><img data-recalc-dims=\"1\" loading=\"lazy\" decoding=\"async\" class=\"alignnone size-full wp-image-2688\" src=\"https:\/\/i0.wp.com\/cdnoticias.com\/wp-content\/uploads\/2020\/09\/partedesalud1.jpg?resize=800%2C457&#038;ssl=1\" alt=\"\" width=\"800\" height=\"457\" srcset=\"https:\/\/i0.wp.com\/cdnoticias.com\/wp-content\/uploads\/2020\/09\/partedesalud1.jpg?w=920&amp;ssl=1 920w, https:\/\/i0.wp.com\/cdnoticias.com\/wp-content\/uploads\/2020\/09\/partedesalud1.jpg?resize=300%2C171&amp;ssl=1 300w, https:\/\/i0.wp.com\/cdnoticias.com\/wp-content\/uploads\/2020\/09\/partedesalud1.jpg?resize=768%2C438&amp;ssl=1 768w\" sizes=\"auto, (max-width: 800px) 100vw, 800px\" \/><\/p>\n<p>&nbsp;<\/p>\n<p>Seg\u00fan se explic\u00f3 uno de los decesos corresponde a <strong>una mujer que, si bien se hallaba en el sector de aislamiento, no hab\u00eda transitado en ning\u00fan momento la enfermedad<\/strong>. Su deceso se dio a ra\u00edz de \u201cun problema en su sistema sangu\u00edneo\u201d, de acuerdo con lo que se detall\u00f3 en la rueda de prensa.<\/p>\n<p>&nbsp;<\/p>\n<p>Sobre el caso restante se se\u00f1al\u00f3 que<strong> \u201cera una abuela que hab\u00eda recuperado su estad\u00eda tras el coronavirus y ten\u00eda el hisopado negativo, habiendo regresado al geri\u00e1trico, y 7 d\u00edas despu\u00e9s fallece a ra\u00edz de un fallo card\u00edaco\u201d. \u201cEs una paciente que muri\u00f3 de una causa card\u00edaca pero que curs\u00f3 un coronavirus\u201d, se a\u00f1adi\u00f3<\/strong>.<\/p>\n<p>&nbsp;<\/p>\n<p><img data-recalc-dims=\"1\" loading=\"lazy\" decoding=\"async\" class=\"alignnone size-full wp-image-2687\" src=\"https:\/\/i0.wp.com\/cdnoticias.com\/wp-content\/uploads\/2020\/09\/drgustavobravo121.jpg?resize=800%2C457&#038;ssl=1\" alt=\"\" width=\"800\" height=\"457\" srcset=\"https:\/\/i0.wp.com\/cdnoticias.com\/wp-content\/uploads\/2020\/09\/drgustavobravo121.jpg?w=920&amp;ssl=1 920w, https:\/\/i0.wp.com\/cdnoticias.com\/wp-content\/uploads\/2020\/09\/drgustavobravo121.jpg?resize=300%2C171&amp;ssl=1 300w, https:\/\/i0.wp.com\/cdnoticias.com\/wp-content\/uploads\/2020\/09\/drgustavobravo121.jpg?resize=768%2C438&amp;ssl=1 768w\" sizes=\"auto, (max-width: 800px) 100vw, 800px\" \/><\/p>\n<p>&nbsp;<\/p>\n<p><strong>\u201cEl coronavirus no la mata en el transcurso de su enfermedad, pero le genera un cambio en su estado general y posteriormente fallece, es por eso que se asume como una muerte por coronavirus aunque no sea en el momento de la infecci\u00f3n\u201d<\/strong>, detall\u00f3 uno de los profesionales de la salud, en una explicaci\u00f3n similar a las que tambi\u00e9n se ha dado en nuestra ciudad.<\/p>\n<p>&nbsp;<\/p>\n<p>Por \u00faltimo, se expres\u00f3 que <strong>la mujer ten\u00eda domicilio en General LaMadrid, por lo que se est\u00e1 determinando en qu\u00e9 distrito se contabiliza el fallecimiento<\/strong>.<\/p>\n<p>&nbsp;<\/p>\n<p><a href=\"https:\/\/www.ohlaprida.com.ar\/2020\/09\/salud-informo-el-fallecimiento-de-dos-pacientes-en-el-hospital\/\"><em>Fuente Oh Laprida<\/em><\/a><\/p>\n","protected":false},"excerpt":{"rendered":"<p>Si bien se hab\u00eda recuperado de la enfermedad, inclusive hab\u00eda dado negativo test posteriores, el deterioro en su salud ocasion\u00f3<\/p>\n","protected":false},"author":3,"featured_media":2686,"comment_status":"closed","ping_status":"closed","sticky":false,"template":"","format":"standard","meta":{"_jetpack_memberships_contains_paid_content":false,"footnotes":""},"categories":[6,1],"tags":[],"class_list":["post-2685","post","type-post","status-publish","format-standard","has-post-thumbnail","hentry","category-nacionales","category-portada"],"jetpack_featured_media_url":"https:\/\/i0.wp.com\/cdnoticias.com\/wp-content\/uploads\/2020\/09\/hospitalsancholuzdelaprida1-7.jpg?fit=920%2C525&ssl=1","jetpack_sharing_enabled":true,"_links":{"self":[{"href":"https:\/\/cdnoticias.com\/index.php\/wp-json\/wp\/v2\/posts\/2685","targetHints":{"allow":["GET"]}}],"collection":[{"href":"https:\/\/cdnoticias.com\/index.php\/wp-json\/wp\/v2\/posts"}],"about":[{"href":"https:\/\/cdnoticias.com\/index.php\/wp-json\/wp\/v2\/types\/post"}],"author":[{"embeddable":true,"href":"https:\/\/cdnoticias.com\/index.php\/wp-json\/wp\/v2\/users\/3"}],"replies":[{"embeddable":true,"href":"https:\/\/cdnoticias.com\/index.php\/wp-json\/wp\/v2\/comments?post=2685"}],"version-history":[{"count":0,"href":"https:\/\/cdnoticias.com\/index.php\/wp-json\/wp\/v2\/posts\/2685\/revisions"}],"wp:featuredmedia":[{"embeddable":true,"href":"https:\/\/cdnoticias.com\/index.php\/wp-json\/wp\/v2\/media\/2686"}],"wp:attachment":[{"href":"https:\/\/cdnoticias.com\/index.php\/wp-json\/wp\/v2\/media?parent=2685"}],"wp:term":[{"taxonomy":"category","embeddable":true,"href":"https:\/\/cdnoticias.com\/index.php\/wp-json\/wp\/v2\/categories?post=2685"},{"taxonomy":"post_tag","embeddable":true,"href":"https:\/\/cdnoticias.com\/index.php\/wp-json\/wp\/v2\/tags?post=2685"}],"curies":[{"name":"wp","href":"https:\/\/api.w.org\/{rel}","templated":true}]}}