{"id":26849,"date":"2021-07-17T09:31:20","date_gmt":"2021-07-17T12:31:20","guid":{"rendered":"http:\/\/www.centraldenoticias.com.ar\/?p=26849"},"modified":"2021-07-17T09:31:20","modified_gmt":"2021-07-17T12:31:20","slug":"maria-concepcion-munge-viuda-de-damiano-q-e-p-d","status":"publish","type":"post","link":"https:\/\/cdnoticias.com\/index.php\/2021\/07\/17\/maria-concepcion-munge-viuda-de-damiano-q-e-p-d\/","title":{"rendered":"Mar\u00eda Concepci\u00f3n Munge viuda de Damiano (Q.E.P.D.)"},"content":{"rendered":"<p>Falleci\u00f3 en Olavarr\u00eda el d\u00eda 16 de julio de 2021 a los 88 a\u00f1os de edad.<\/p>\n<p>Su hija Ercilia Mirta Damiano; su hijo pol\u00edtico H\u00e9ctor Tom\u00e1s Gonz\u00e1lez; sus nietos: Mar\u00eda Lorena y Fernando Gonz\u00e1lez; sus bisnietos: Mar\u00eda Emilia Ramadan, Sof\u00eda e Ignacio Gonz\u00e1lez; sus nietos pol\u00edticos: marcos ramad\u00e1n y Samantha Suarez; y dem\u00e1s deudos participan su fallecimiento.<\/p>\n<p>Sin velatorio. Responso: Cementerio Municipal. Inhumaci\u00f3n: Cementerio Municipal, s\u00e1bado 17 de julio a las 11 horas.<\/p>\n<p>Vecina de Barrio San Vicente.<\/p>\n<p>Nacida en Italia.<\/p>\n<p>Jubilada y Pensionada.<\/p>\n","protected":false},"excerpt":{"rendered":"<p>Falleci\u00f3 en Olavarr\u00eda el d\u00eda 16 de julio de 2021 a los 88 a\u00f1os de edad. Su hija Ercilia Mirta<\/p>\n","protected":false},"author":4,"featured_media":0,"comment_status":"closed","ping_status":"closed","sticky":false,"template":"","format":"standard","meta":{"_jetpack_memberships_contains_paid_content":false,"footnotes":""},"categories":[10],"tags":[],"class_list":["post-26849","post","type-post","status-publish","format-standard","hentry","category-necrologicas"],"jetpack_featured_media_url":"","jetpack_sharing_enabled":true,"_links":{"self":[{"href":"https:\/\/cdnoticias.com\/index.php\/wp-json\/wp\/v2\/posts\/26849","targetHints":{"allow":["GET"]}}],"collection":[{"href":"https:\/\/cdnoticias.com\/index.php\/wp-json\/wp\/v2\/posts"}],"about":[{"href":"https:\/\/cdnoticias.com\/index.php\/wp-json\/wp\/v2\/types\/post"}],"author":[{"embeddable":true,"href":"https:\/\/cdnoticias.com\/index.php\/wp-json\/wp\/v2\/users\/4"}],"replies":[{"embeddable":true,"href":"https:\/\/cdnoticias.com\/index.php\/wp-json\/wp\/v2\/comments?post=26849"}],"version-history":[{"count":0,"href":"https:\/\/cdnoticias.com\/index.php\/wp-json\/wp\/v2\/posts\/26849\/revisions"}],"wp:attachment":[{"href":"https:\/\/cdnoticias.com\/index.php\/wp-json\/wp\/v2\/media?parent=26849"}],"wp:term":[{"taxonomy":"category","embeddable":true,"href":"https:\/\/cdnoticias.com\/index.php\/wp-json\/wp\/v2\/categories?post=26849"},{"taxonomy":"post_tag","embeddable":true,"href":"https:\/\/cdnoticias.com\/index.php\/wp-json\/wp\/v2\/tags?post=26849"}],"curies":[{"name":"wp","href":"https:\/\/api.w.org\/{rel}","templated":true}]}}