{"id":26842,"date":"2021-07-17T09:32:38","date_gmt":"2021-07-17T12:32:38","guid":{"rendered":"http:\/\/www.centraldenoticias.com.ar\/?p=26842"},"modified":"2021-07-17T11:35:42","modified_gmt":"2021-07-17T14:35:42","slug":"gollan-hacia-fin-de-agosto-vamos-a-tener-a-todas-las-personas-vacunadas-con-dos-dosis","status":"publish","type":"post","link":"https:\/\/cdnoticias.com\/index.php\/2021\/07\/17\/gollan-hacia-fin-de-agosto-vamos-a-tener-a-todas-las-personas-vacunadas-con-dos-dosis\/","title":{"rendered":"Goll\u00e1n: \u201cHacia fin de agosto vamos a tener a todas las personas vacunadas con dos dosis\u201d"},"content":{"rendered":"<p>Lo dijo el Ministro de Salud bonaerense en una charla virtual junto a m\u00e1s de 100 vecinos y vecinas de Olavarr\u00eda. Se\u00f1al\u00f3 que parte del debate de las elecciones ser\u00e1 \u201cprivatizar la salud como plantea el macrismo o ampliar el derecho a la salud p\u00fablica que es lo que trabajamos desde el Frente de Todos&#8221;.<!--more--><\/p>\n<hr \/>\n<p>A trav\u00e9s de un encuentro virtual, organizado por la Mesa de Acci\u00f3n Pol\u00edtica del PJ Olavarr\u00eda, <strong>el Ministro de Salud Bonaerense, Daniel Goll\u00e1n, y el presidente del PJ local Federico Aguilera desarrollaron una charla sobre \u201cRecuperaci\u00f3n del Sistema Sanitario Bonaerense y el Abordaje de la Pandemia\u201d<\/strong> donde participaron m\u00e1s de 100 personas en la plataforma Zoom.<\/p>\n<p>&nbsp;<\/p>\n<p>La presentaci\u00f3n del encuentro estuvo a cargo del Presidente del PJ de Olavarr\u00eda, Federico Aguilera, quien remarc\u00f3 la importancia de llevar adelante este tipo de espacios para<strong> enriquecer el debate sobre el modelo sanitario de la Provincia de Buenos Aires.<\/strong> Al mismo tiempo, Aguilera agradeci\u00f3 el trabajo al personal de salud y remarc\u00f3 la importancia de &#8220;conocer en profundidad\u201d las medidas que se tomaron durante en el contexto de pandemia.<\/p>\n<p>&nbsp;<\/p>\n<p>Por su parte, el ministro de Salud bonaerense destac\u00f3 que \u201c<em>estamos formando un movimiento sanitario cada vez m\u00e1s grande que todos los d\u00edas crece en volumen y con ganas de debatir el modelo de salud que queremos abordar desde una matriz sanitarista\u201d.<\/em><\/p>\n<p>&nbsp;<\/p>\n<p><img data-recalc-dims=\"1\" loading=\"lazy\" decoding=\"async\" class=\"alignnone size-full wp-image-26845\" src=\"https:\/\/i0.wp.com\/cdnoticias.com\/wp-content\/uploads\/2021\/07\/WhatsApp-Image-2021-07-16-at-20.55.40.jpeg?resize=800%2C450&#038;ssl=1\" alt=\"\" width=\"800\" height=\"450\" srcset=\"https:\/\/i0.wp.com\/cdnoticias.com\/wp-content\/uploads\/2021\/07\/WhatsApp-Image-2021-07-16-at-20.55.40.jpeg?w=1280&amp;ssl=1 1280w, https:\/\/i0.wp.com\/cdnoticias.com\/wp-content\/uploads\/2021\/07\/WhatsApp-Image-2021-07-16-at-20.55.40.jpeg?resize=300%2C169&amp;ssl=1 300w, https:\/\/i0.wp.com\/cdnoticias.com\/wp-content\/uploads\/2021\/07\/WhatsApp-Image-2021-07-16-at-20.55.40.jpeg?resize=768%2C432&amp;ssl=1 768w, https:\/\/i0.wp.com\/cdnoticias.com\/wp-content\/uploads\/2021\/07\/WhatsApp-Image-2021-07-16-at-20.55.40.jpeg?resize=1024%2C576&amp;ssl=1 1024w\" sizes=\"auto, (max-width: 800px) 100vw, 800px\" \/><\/p>\n<p>&nbsp;<\/p>\n<p><em>\u201cTenemos que construir un sistema de salud donde la gobernanza tenga el estado para garantizar derechos y que no sea el mercado el que se aprovecha del sistema con el \u00fanico objetivo de buscar el lucro en la salud\u201d<\/em>, consider\u00f3 Goll\u00e1n.<\/p>\n<p>&nbsp;<\/p>\n<p>Del mismo modo, el doctor Daniel Goll\u00e1n plante\u00f3 que <em>\u201cla pandemia deslumbr\u00f3 que el modelo de las prepagas se organiza desde una l\u00f3gica de rentabilidad que se apropia de las ganancias pero no se reinvierte porque hoy est\u00e1n en d\u00e9ficit y <strong>el sistema p\u00fablico de salud fue el que garantiz\u00f3 que no falten insumos, respiradores y ninguna cama en la provincia de Buenos Aires y el pa\u00eds<\/strong>\u201d.<\/em><\/p>\n<p>&nbsp;<\/p>\n<blockquote><p>\u201cEn las pr\u00f3ximas elecciones tambi\u00e9n esto va a ser parte del debate de cara a la sociedad, privatizar la salud como plantea el macrismo o ampliar el derecho a la salud p\u00fablica que es lo que trabajamos desde el \u201cFrente de Todos\u201d, las elecciones forman parte de la posibilidad de seguir ampliando este proyecto\u201d, vislumbr\u00f3 el funcionario provincial.<\/p>\n<p>&nbsp;<\/p><\/blockquote>\n<p><img data-recalc-dims=\"1\" loading=\"lazy\" decoding=\"async\" class=\"alignnone size-full wp-image-26843\" src=\"https:\/\/i0.wp.com\/cdnoticias.com\/wp-content\/uploads\/2021\/07\/WhatsApp-Image-2021-07-16-at-20.55.42-1.jpeg?resize=800%2C450&#038;ssl=1\" alt=\"\" width=\"800\" height=\"450\" srcset=\"https:\/\/i0.wp.com\/cdnoticias.com\/wp-content\/uploads\/2021\/07\/WhatsApp-Image-2021-07-16-at-20.55.42-1.jpeg?w=1280&amp;ssl=1 1280w, https:\/\/i0.wp.com\/cdnoticias.com\/wp-content\/uploads\/2021\/07\/WhatsApp-Image-2021-07-16-at-20.55.42-1.jpeg?resize=300%2C169&amp;ssl=1 300w, https:\/\/i0.wp.com\/cdnoticias.com\/wp-content\/uploads\/2021\/07\/WhatsApp-Image-2021-07-16-at-20.55.42-1.jpeg?resize=768%2C432&amp;ssl=1 768w, https:\/\/i0.wp.com\/cdnoticias.com\/wp-content\/uploads\/2021\/07\/WhatsApp-Image-2021-07-16-at-20.55.42-1.jpeg?resize=1024%2C576&amp;ssl=1 1024w\" sizes=\"auto, (max-width: 800px) 100vw, 800px\" \/><\/p>\n<p>&nbsp;<\/p>\n<p>En relaci\u00f3n a la gesti\u00f3n de la pandemia, Goll\u00e1n consider\u00f3 que <em>\u201cel proceso de conducci\u00f3n que llevamos adelante para enfrentar la pandemia es toda obra de nuestro gobernador Axel Kicillof que nos da la fuerza para cuidar a los bonaerenses porque es un obsesivo en su forma de trabajar y tiene una capacidad formidable para dirigir esta campa\u00f1a de vacunaci\u00f3n y ponerse la Provincia al hombro\u201d<\/em><\/p>\n<p>&nbsp;<\/p>\n<p>En esa l\u00ednea, el ministro de Salud destac\u00f3 que<em> \u201ce<strong>n 20 d\u00edas vamos a tener a todas la poblaci\u00f3n mayores de 18 a\u00f1os vacunada y hacia fin de agosto vamos a tener a todas las personas vacunados con dos dosis<\/strong>, tambi\u00e9n en las pr\u00f3ximas semanas vamos avanzar en la vacunaci\u00f3n de los menores de 12 a 17 a\u00f1os con las vacunas que est\u00e1n llegando esta noche desde Estados Unidos\u201d.<\/em><\/p>\n<p>&nbsp;<\/p>\n<p><em>\u201cEl mes de septiembre nos va a encontrar en una situaci\u00f3n totalmente diferente a\u00fan si entra la variante Delta porque avanzamos en el plan de vacunaci\u00f3n, la vacuna protege, protege mucho y lo transforma en un problema menor y manejable, esa es la gran apuesta desde lo sanitario\u201d<\/em>, culmin\u00f3 el ministro Daniel Goll\u00e1n.<\/p>\n","protected":false},"excerpt":{"rendered":"<p>Lo dijo el Ministro de Salud bonaerense en una charla virtual junto a m\u00e1s de 100 vecinos y vecinas de<\/p>\n","protected":false},"author":5,"featured_media":26844,"comment_status":"closed","ping_status":"closed","sticky":false,"template":"","format":"standard","meta":{"_jetpack_memberships_contains_paid_content":false,"footnotes":""},"categories":[4,1],"tags":[],"class_list":["post-26842","post","type-post","status-publish","format-standard","has-post-thumbnail","hentry","category-politica","category-portada"],"jetpack_featured_media_url":"https:\/\/i0.wp.com\/cdnoticias.com\/wp-content\/uploads\/2021\/07\/WhatsApp-Image-2021-07-16-at-20.55.42.jpeg?fit=1280%2C720&ssl=1","jetpack_sharing_enabled":true,"_links":{"self":[{"href":"https:\/\/cdnoticias.com\/index.php\/wp-json\/wp\/v2\/posts\/26842","targetHints":{"allow":["GET"]}}],"collection":[{"href":"https:\/\/cdnoticias.com\/index.php\/wp-json\/wp\/v2\/posts"}],"about":[{"href":"https:\/\/cdnoticias.com\/index.php\/wp-json\/wp\/v2\/types\/post"}],"author":[{"embeddable":true,"href":"https:\/\/cdnoticias.com\/index.php\/wp-json\/wp\/v2\/users\/5"}],"replies":[{"embeddable":true,"href":"https:\/\/cdnoticias.com\/index.php\/wp-json\/wp\/v2\/comments?post=26842"}],"version-history":[{"count":0,"href":"https:\/\/cdnoticias.com\/index.php\/wp-json\/wp\/v2\/posts\/26842\/revisions"}],"wp:featuredmedia":[{"embeddable":true,"href":"https:\/\/cdnoticias.com\/index.php\/wp-json\/wp\/v2\/media\/26844"}],"wp:attachment":[{"href":"https:\/\/cdnoticias.com\/index.php\/wp-json\/wp\/v2\/media?parent=26842"}],"wp:term":[{"taxonomy":"category","embeddable":true,"href":"https:\/\/cdnoticias.com\/index.php\/wp-json\/wp\/v2\/categories?post=26842"},{"taxonomy":"post_tag","embeddable":true,"href":"https:\/\/cdnoticias.com\/index.php\/wp-json\/wp\/v2\/tags?post=26842"}],"curies":[{"name":"wp","href":"https:\/\/api.w.org\/{rel}","templated":true}]}}