{"id":26835,"date":"2021-07-16T19:29:22","date_gmt":"2021-07-16T22:29:22","guid":{"rendered":"http:\/\/www.centraldenoticias.com.ar\/?p=26835"},"modified":"2021-07-16T21:06:47","modified_gmt":"2021-07-17T00:06:47","slug":"alerta-amarillo-por-vientos-en-el-inicio-de-las-vacaciones-de-invierno","status":"publish","type":"post","link":"https:\/\/cdnoticias.com\/index.php\/2021\/07\/16\/alerta-amarillo-por-vientos-en-el-inicio-de-las-vacaciones-de-invierno\/","title":{"rendered":"Alerta \u201camarillo\u201d por vientos en el  inicio de las vacaciones de invierno"},"content":{"rendered":"<p>Llega el fin de semana y, para muchos, tambi\u00e9n las vacaciones de invierno. Por eso no est\u00e1 de m\u00e1s saber c\u00f3mo estar\u00e1 el tiempo en los pr\u00f3ximos d\u00edas.<!--more--><\/p>\n<hr \/>\n<p>Las heladas, principalmente durante la madrugada y ma\u00f1ana, han sido quiz\u00e1s el rasgo distintivo en materia clim\u00e1tica durante las \u00faltimas jornadas. Ya en la tarde el sol torn\u00f3 algo m\u00e1s agradables las jornadas, pero a la par de su ca\u00edda se daba la de la temperatura, haciendo sentir nuevamente el fr\u00edo. <strong>\u00bfSeguir\u00e1 as\u00ed? La respuesta en las siguientes l\u00edneas.<\/strong><\/p>\n<p>&nbsp;<\/p>\n<p>Nunca est\u00e1 de m\u00e1s saber c\u00f3mo va a estar el tiempo y qu\u00e9 decir entonces en las v\u00edsperas del fin de semana y, m\u00e1s a\u00fan, a las puertas del receso invernal. Seg\u00fan datos de la Estaci\u00f3n Meteorol\u00f3gica local, este viernes el fr\u00edo se sinti\u00f3 principalmente en la madrugada, con <strong>una m\u00ednima de 1.2 bajo cero minutos despu\u00e9s de la madrugada. Asimismo, los registros bajo cero, varios de ellos de sensaci\u00f3n t\u00e9rmica, continuaron hasta ya transcurrida la ma\u00f1an<\/strong>a. En contrapartida, en la tarde la temperatura trep\u00f3 hasta una m\u00e1xima de 15.1\u00b0 a las tres de la tarde.<\/p>\n<p>&nbsp;<\/p>\n<p><img data-recalc-dims=\"1\" loading=\"lazy\" decoding=\"async\" class=\"alignnone size-full wp-image-26837\" src=\"https:\/\/i0.wp.com\/cdnoticias.com\/wp-content\/uploads\/2021\/07\/portada-pronos.jpg?resize=800%2C445&#038;ssl=1\" alt=\"\" width=\"800\" height=\"445\" srcset=\"https:\/\/i0.wp.com\/cdnoticias.com\/wp-content\/uploads\/2021\/07\/portada-pronos.jpg?w=800&amp;ssl=1 800w, https:\/\/i0.wp.com\/cdnoticias.com\/wp-content\/uploads\/2021\/07\/portada-pronos.jpg?resize=300%2C167&amp;ssl=1 300w, https:\/\/i0.wp.com\/cdnoticias.com\/wp-content\/uploads\/2021\/07\/portada-pronos.jpg?resize=768%2C427&amp;ssl=1 768w\" sizes=\"auto, (max-width: 800px) 100vw, 800px\" \/><\/p>\n<p>&nbsp;<\/p>\n<p><strong>El s\u00e1bado, lamentablemente no perfila muy alentador<\/strong>. Desde el Servicio Meteorol\u00f3gico Nacional no s\u00f3lo se prev\u00e9n registros m\u00e1s bajo, sino viento muchos m\u00e1s fuertes e inclusive probabilidad de precipitaciones en la tarde. Ahondando en esos datos, <strong>la m\u00ednima fue estimada en 0 grados en la ma\u00f1ana y una m\u00e1xima de apenas 11 en la tarde, momento del d\u00eda en el que, si bien baja, hay probabilidades de chaparrones.<\/strong><\/p>\n<p>&nbsp;<\/p>\n<p><strong>Sin dudas el dato a tener en cuenta es con respecto a los vientos<\/strong>. Tal es as\u00ed que se anticipan fuertes r\u00e1fagas durante toda la jornada, con registros que van en orden a los 40 y 50 kil\u00f3metros en la hora durante a la ma\u00f1ana pero que ascender\u00e1n hasta casi los 70 km\/h durante el transcurrir del s\u00e1bado.<\/p>\n<p>&nbsp;<\/p>\n<p><img data-recalc-dims=\"1\" loading=\"lazy\" decoding=\"async\" class=\"alignnone size-full wp-image-26838\" src=\"https:\/\/i0.wp.com\/cdnoticias.com\/wp-content\/uploads\/2021\/07\/pronos.jpg?resize=800%2C279&#038;ssl=1\" alt=\"\" width=\"800\" height=\"279\" srcset=\"https:\/\/i0.wp.com\/cdnoticias.com\/wp-content\/uploads\/2021\/07\/pronos.jpg?w=900&amp;ssl=1 900w, https:\/\/i0.wp.com\/cdnoticias.com\/wp-content\/uploads\/2021\/07\/pronos.jpg?resize=300%2C105&amp;ssl=1 300w, https:\/\/i0.wp.com\/cdnoticias.com\/wp-content\/uploads\/2021\/07\/pronos.jpg?resize=768%2C268&amp;ssl=1 768w\" sizes=\"auto, (max-width: 800px) 100vw, 800px\" \/><\/p>\n<p>&nbsp;<\/p>\n<p>En ese sentido, en el apartado de alertas del portal oficial puede verse que <strong>Olavarr\u00eda y otros distritos del centro bonaerense est\u00e1n alcanzados por un alerta \u201camarillo\u201d. \u201cEl \u00e1rea ser\u00e1 afectada por vientos del sector sudoeste con velocidades entre 30 y 50 km\/h, con r\u00e1fagas que podr\u00edan alcanzar entre 65 y 75 km\/h\u201d, se precis\u00f3.<\/strong><\/p>\n<p>&nbsp;<\/p>\n<p><strong>Esas condiciones permanecer\u00e1n durante la madrugada y ma\u00f1ana del domingo<\/strong>. Si bien mermar\u00e1n las r\u00e1fagas, se presume que el d\u00eda seguir\u00e1 ventoso, con una m\u00ednima que se dar\u00eda durante la noche, prevista en los 3 grados. La m\u00e1xima fue estimada en los 11 y no se prev\u00e9n precipitaciones.<\/p>\n","protected":false},"excerpt":{"rendered":"<p>Llega el fin de semana y, para muchos, tambi\u00e9n las vacaciones de invierno. Por eso no est\u00e1 de m\u00e1s saber<\/p>\n","protected":false},"author":3,"featured_media":26836,"comment_status":"closed","ping_status":"closed","sticky":false,"template":"","format":"standard","meta":{"_jetpack_memberships_contains_paid_content":false,"footnotes":""},"categories":[5,1],"tags":[],"class_list":["post-26835","post","type-post","status-publish","format-standard","has-post-thumbnail","hentry","category-informacion-general","category-portada"],"jetpack_featured_media_url":"https:\/\/i0.wp.com\/cdnoticias.com\/wp-content\/uploads\/2021\/07\/pronos1.jpg?fit=800%2C445&ssl=1","jetpack_sharing_enabled":true,"_links":{"self":[{"href":"https:\/\/cdnoticias.com\/index.php\/wp-json\/wp\/v2\/posts\/26835","targetHints":{"allow":["GET"]}}],"collection":[{"href":"https:\/\/cdnoticias.com\/index.php\/wp-json\/wp\/v2\/posts"}],"about":[{"href":"https:\/\/cdnoticias.com\/index.php\/wp-json\/wp\/v2\/types\/post"}],"author":[{"embeddable":true,"href":"https:\/\/cdnoticias.com\/index.php\/wp-json\/wp\/v2\/users\/3"}],"replies":[{"embeddable":true,"href":"https:\/\/cdnoticias.com\/index.php\/wp-json\/wp\/v2\/comments?post=26835"}],"version-history":[{"count":0,"href":"https:\/\/cdnoticias.com\/index.php\/wp-json\/wp\/v2\/posts\/26835\/revisions"}],"wp:featuredmedia":[{"embeddable":true,"href":"https:\/\/cdnoticias.com\/index.php\/wp-json\/wp\/v2\/media\/26836"}],"wp:attachment":[{"href":"https:\/\/cdnoticias.com\/index.php\/wp-json\/wp\/v2\/media?parent=26835"}],"wp:term":[{"taxonomy":"category","embeddable":true,"href":"https:\/\/cdnoticias.com\/index.php\/wp-json\/wp\/v2\/categories?post=26835"},{"taxonomy":"post_tag","embeddable":true,"href":"https:\/\/cdnoticias.com\/index.php\/wp-json\/wp\/v2\/tags?post=26835"}],"curies":[{"name":"wp","href":"https:\/\/api.w.org\/{rel}","templated":true}]}}