{"id":26822,"date":"2021-07-18T09:59:36","date_gmt":"2021-07-18T12:59:36","guid":{"rendered":"http:\/\/www.centraldenoticias.com.ar\/?p=26822"},"modified":"2021-07-18T10:01:16","modified_gmt":"2021-07-18T13:01:16","slug":"el-arte-drag-y-un-pensamiento-en-dos-tiempos","status":"publish","type":"post","link":"https:\/\/cdnoticias.com\/index.php\/2021\/07\/18\/el-arte-drag-y-un-pensamiento-en-dos-tiempos\/","title":{"rendered":"El arte drag y un pensamiento en dos tiempos"},"content":{"rendered":"<p>La Chicho T\u00e9rez, artista local e integrante de Visibilidrag Olavarr\u00eda comparte su mirada a trav\u00e9s del tiempo sobre este arte performativo. La potencia de la pregunta en 2018 y la certeza del camino elegido en 2021.<!--more--><\/p>\n<hr \/>\n<p>A veces, con el correr del tiempo, los pensamientos adquieren distintos matices, pinceladas que resaltan o se aplacan. No se trata de borrar, sino de volver a pasar por el cuerpo, elegir nuevas palabras, destacar otras que aparec\u00edan t\u00edmidas o confirmar expresiones.<\/p>\n<p>&nbsp;<\/p>\n<p><strong>La Chicho T\u00e9rez, artista e integrante de Visibilidrag Olavarr\u00eda, comparti\u00f3 dos reflexiones sobre el arte drag<\/strong>. Una realizada en 2018 y otra actual.<\/p>\n<p>&nbsp;<\/p>\n<p><strong>2018<\/strong><\/p>\n<p>&nbsp;<\/p>\n<p>Considero al transformismo un gran lenguaje art\u00edstico donde con cuidado y sin tapujos se pueden aunar un mont\u00f3n de cuestiones.<\/p>\n<p>&nbsp;<\/p>\n<p>En su momento eleg\u00eda afeitarme, depilarme, usar rellenos, tratar de mantener una figura bien curvil\u00ednea, mostrarme muy femenina, en cuerpo y en formas. Pero empec\u00e9 a entender que el transformismo es muy machista. En muchas cuestiones.<\/p>\n<p>&nbsp;<\/p>\n<p>Mi cuerpo deb\u00eda atarse a los c\u00e1nones de belleza impuestos, a ser la mujer ideal. Y en escena el transformismo haciendo re\u00edr del cuerpo, de los genitales, de &#8220;ser hombre y verse mujer&#8221;.<\/p>\n<p>&nbsp;<\/p>\n<p>Y empec\u00e9 a preguntarme.<\/p>\n<p>&nbsp;<\/p>\n<p>\u00bfPor qu\u00e9 no puedo como transformista, no afeitarme, no censurar mi cuerpo, mis marcas, mis estr\u00edas, mis pelos?<\/p>\n<p>&nbsp;<\/p>\n<p>\u00bfPor qu\u00e9 deber\u00eda taparme, si el transformismo me hace libre?.<\/p>\n<p>&nbsp;<\/p>\n<p>Hoy considero al transformismo un acto de lucha y reivindicaci\u00f3n a las cuerpas disidentes. Las mujeres podemos tener todos los pelos que queramos, todas las marcas y hacerlas lucir de cualquier forma.<\/p>\n<p>&nbsp;<\/p>\n<p>Tambi\u00e9n es real que el transformismo sigue aunando machitos para consumir cuerpos perfectos, tom\u00e1ndolos como objeto de burla, como chiste.<\/p>\n<p>&nbsp;<\/p>\n<p>Por eso creo en un <strong>transformismo militante.<\/strong> Un transformismo feminista, que reivindique nuestras cuerpas libres, que reivindique nuestra propia libertad.<\/p>\n<p>&nbsp;<\/p>\n<p>Un transformismo que haga frente al machismo y se aleje de cuestiones patriarcales y consumistas.<\/p>\n<p>&nbsp;<\/p>\n<p>Un transformismo sin censura, sin represi\u00f3n, en las calles, en los barrios, en el corso, en las casas. Donde cada unx tenga ganas de transformarse. Siendo lo que cada unx tenga ganas de hacer.<\/p>\n<p>&nbsp;<\/p>\n<p><strong>Por un transformismo que nos abrace desde nuestra disidencia y nuestra lucha feminista. Siempre desde el arte.<\/strong><\/p>\n<p>&nbsp;<\/p>\n<p><img data-recalc-dims=\"1\" loading=\"lazy\" decoding=\"async\" class=\"alignnone size-full wp-image-26823\" src=\"https:\/\/i0.wp.com\/cdnoticias.com\/wp-content\/uploads\/2021\/07\/WhatsApp-Image-2021-07-16-at-17.37.26-1.jpeg?resize=800%2C600&#038;ssl=1\" alt=\"\" width=\"800\" height=\"600\" srcset=\"https:\/\/i0.wp.com\/cdnoticias.com\/wp-content\/uploads\/2021\/07\/WhatsApp-Image-2021-07-16-at-17.37.26-1.jpeg?w=1280&amp;ssl=1 1280w, https:\/\/i0.wp.com\/cdnoticias.com\/wp-content\/uploads\/2021\/07\/WhatsApp-Image-2021-07-16-at-17.37.26-1.jpeg?resize=300%2C225&amp;ssl=1 300w, https:\/\/i0.wp.com\/cdnoticias.com\/wp-content\/uploads\/2021\/07\/WhatsApp-Image-2021-07-16-at-17.37.26-1.jpeg?resize=768%2C576&amp;ssl=1 768w, https:\/\/i0.wp.com\/cdnoticias.com\/wp-content\/uploads\/2021\/07\/WhatsApp-Image-2021-07-16-at-17.37.26-1.jpeg?resize=1024%2C768&amp;ssl=1 1024w\" sizes=\"auto, (max-width: 800px) 100vw, 800px\" \/><\/p>\n<p>&nbsp;<\/p>\n<p><strong>2021<\/strong><\/p>\n<p>&nbsp;<\/p>\n<p><strong>Nos mueve el deseo de draguearlo todo\u2026<\/strong><\/p>\n<p>&nbsp;<\/p>\n<p>El arte drag nos permite eso, desear, tanto hasta lograrlo y volver a desear.<\/p>\n<p>&nbsp;<\/p>\n<p>Abrazarnos en familia sosteniendo la peluca, el bigote, la bota y el pincel.<\/p>\n<p>&nbsp;<\/p>\n<p>El deseo intacto del encuentro en todos lados, del teje, del crear y el compartir.<\/p>\n<p>&nbsp;<\/p>\n<p>Teniendo presente quienes nos allanaron el camino y desde lo que hacemos, qu\u00e9 dejamos&#8230;<\/p>\n<p>&nbsp;<\/p>\n<p>Por todas las cuerpas que se manifiestan en los escenarios, los asfaltos y los barros.<\/p>\n<p>&nbsp;<\/p>\n<p>Por las plumas que nos quisieron cortar, para detenernos en el vuelo, y las que nos armamos para sostenernos.<\/p>\n<p>&nbsp;<\/p>\n<p>\u00a1Por los taquitos de la t\u00eda, la cartera de la abuela y el toall\u00f3n en la cabeza!.<\/p>\n<p>&nbsp;<\/p>\n<p>\u00a1Por los ruedos sin hacer, y las lentejuelas brillando!<\/p>\n<p>&nbsp;<\/p>\n<p>\u00a1Por les ni\u00f1es que draguean toda nuestra vida desde el juego y el amor!<\/p>\n<p>&nbsp;<\/p>\n<p><strong>\u00a1Y por todes les que se preguntan qu\u00e9 somos&#8230; ARTISTAS!<\/strong><\/p>\n","protected":false},"excerpt":{"rendered":"<p>La Chicho T\u00e9rez, artista local e integrante de Visibilidrag Olavarr\u00eda comparte su mirada a trav\u00e9s del tiempo sobre este arte<\/p>\n","protected":false},"author":5,"featured_media":26824,"comment_status":"closed","ping_status":"closed","sticky":false,"template":"","format":"standard","meta":{"_jetpack_memberships_contains_paid_content":false,"footnotes":""},"categories":[11],"tags":[],"class_list":["post-26822","post","type-post","status-publish","format-standard","has-post-thumbnail","hentry","category-mipalabra"],"jetpack_featured_media_url":"https:\/\/i0.wp.com\/cdnoticias.com\/wp-content\/uploads\/2021\/07\/WhatsApp-Image-2021-07-16-at-17.37.26.jpeg?fit=768%2C1152&ssl=1","jetpack_sharing_enabled":true,"_links":{"self":[{"href":"https:\/\/cdnoticias.com\/index.php\/wp-json\/wp\/v2\/posts\/26822","targetHints":{"allow":["GET"]}}],"collection":[{"href":"https:\/\/cdnoticias.com\/index.php\/wp-json\/wp\/v2\/posts"}],"about":[{"href":"https:\/\/cdnoticias.com\/index.php\/wp-json\/wp\/v2\/types\/post"}],"author":[{"embeddable":true,"href":"https:\/\/cdnoticias.com\/index.php\/wp-json\/wp\/v2\/users\/5"}],"replies":[{"embeddable":true,"href":"https:\/\/cdnoticias.com\/index.php\/wp-json\/wp\/v2\/comments?post=26822"}],"version-history":[{"count":0,"href":"https:\/\/cdnoticias.com\/index.php\/wp-json\/wp\/v2\/posts\/26822\/revisions"}],"wp:featuredmedia":[{"embeddable":true,"href":"https:\/\/cdnoticias.com\/index.php\/wp-json\/wp\/v2\/media\/26824"}],"wp:attachment":[{"href":"https:\/\/cdnoticias.com\/index.php\/wp-json\/wp\/v2\/media?parent=26822"}],"wp:term":[{"taxonomy":"category","embeddable":true,"href":"https:\/\/cdnoticias.com\/index.php\/wp-json\/wp\/v2\/categories?post=26822"},{"taxonomy":"post_tag","embeddable":true,"href":"https:\/\/cdnoticias.com\/index.php\/wp-json\/wp\/v2\/tags?post=26822"}],"curies":[{"name":"wp","href":"https:\/\/api.w.org\/{rel}","templated":true}]}}