{"id":26820,"date":"2021-07-16T21:06:30","date_gmt":"2021-07-17T00:06:30","guid":{"rendered":"http:\/\/www.centraldenoticias.com.ar\/?p=26820"},"modified":"2021-07-17T09:33:54","modified_gmt":"2021-07-17T12:33:54","slug":"juicio-uocra-pidieron-penas-de-entre-9-y-12-anos-para-los-acusados","status":"publish","type":"post","link":"https:\/\/cdnoticias.com\/index.php\/2021\/07\/16\/juicio-uocra-pidieron-penas-de-entre-9-y-12-anos-para-los-acusados\/","title":{"rendered":"Juicio Uocra: Pidieron penas de entre 9 y 12 a\u00f1os para los acusados"},"content":{"rendered":"<p>El monto m\u00e1s alto correspondo a lo requerido para Roberto D\u00b4Amico, el hist\u00f3rico referente del sindicato de la construcci\u00f3n local. La sentencia, en agosto. <strong>Los detalles.<\/strong><!--more--><\/p>\n<hr \/>\n<p>En el inicio de la tarde de este viernes culmin\u00f3 la etapa de debate del juicio contra referentes de la Uocra local, a quienes se los acusa, entre varios delitos, de ser parte de<strong> una \u201casociaci\u00f3n il\u00edcita\u201d que extorsionaba a empresarios y firmas locales para la entrega de d\u00e1divas para no obstaculizar obras o proyectos en la ciudad.<\/strong><\/p>\n<p>&nbsp;<\/p>\n<p>Se escucharon los \u00faltimos testimonios ofrecidos desde las respectivas defensas, pero sin dudas <strong>lo m\u00e1s importante lleg\u00f3 instantes despu\u00e9s, cuando fue el momento de la escucha de los alegatos<\/strong>. Se trata de la instancia en la que tanto la parte acusatoria como desde la representaci\u00f3n de los acusados presentan ante el juez la lectura de los hechos y evidencias, para luego requerir ya sea un monto de pena o absoluci\u00f3n, tal como sucedi\u00f3 en la jornada de este viernes.<\/p>\n<p>&nbsp;<\/p>\n<div class=\"jetpack-video-wrapper\"><iframe loading=\"lazy\" width=\"800\" height=\"450\" src=\"https:\/\/www.youtube.com\/embed\/EwTw3FQ0lwg?feature=oembed\" frameborder=\"0\" allow=\"accelerometer; autoplay; clipboard-write; encrypted-media; gyroscope; picture-in-picture\" allowfullscreen><\/iframe><\/div>\n<p>&nbsp;<\/p>\n<p>La primera en tomar la palabra fue la fiscal Laura Margaretic, quien lidera la querella subrogando a la fiscal Viviana Beyt\u00eda, que fue quien lider\u00f3 la investigaci\u00f3n. Seg\u00fan logr\u00f3 conocer<em><strong> Central de Noticias<\/strong><\/em>, la funcionaria judicial azule\u00f1a<strong> requiri\u00f3 en primera instancia la pena de 12 a\u00f1os de prisi\u00f3n a Roberto D\u00b4Amico, sobre quien ratific\u00f3 la acusaci\u00f3n como l\u00edder o jefe de la \u201casociaci\u00f3n il\u00edcita\u201d a la que se le endilgan varios casos de \u201cextorsiones\u201d<\/strong>, entre hechos consumados y en grado de tentativa. Tambi\u00e9n se lo acusa de tenencia de armas, vinculada a los secuestros en el marco de allanamientos a sus propiedades.<\/p>\n<p>&nbsp;<\/p>\n<p>Al momento de explicar el monto de pena requerido, la fiscal lo fundament\u00f3 en <strong>los a\u00f1os durante los que se prolongaron estas pr\u00e1cticas, adem\u00e1s del perjuicio hacia los trabajadores y el \u201cda\u00f1o social\u201d que generan conductas de este tipo<\/strong>. A la par, como atenuante ponder\u00f3 la falta de antecedentes penales.<\/p>\n<p>&nbsp;<\/p>\n<p><img data-recalc-dims=\"1\" loading=\"lazy\" decoding=\"async\" class=\"alignnone size-full wp-image-12885\" src=\"https:\/\/i0.wp.com\/cdnoticias.com\/wp-content\/uploads\/2021\/02\/tribunales.jpg?resize=791%2C541&#038;ssl=1\" alt=\"\" width=\"791\" height=\"541\" \/><\/p>\n<p>&nbsp;<\/p>\n<p>Estas mismas situaciones fueron las que esgrimi\u00f3 al momento de merituar la situaci\u00f3n particular del<strong> Walter Brun, sobre quien pidi\u00f3 que se lo condene a 9 a\u00f1os de prisi\u00f3n<\/strong>. La diferencia radica en que fue ubicado como miembro o part\u00edcipe de la \u201casociaci\u00f3n il\u00edcita\u201d, adem\u00e1s, claro est\u00e1, de los ya aludidos casos de extorsi\u00f3n.<\/p>\n<p>&nbsp;<\/p>\n<p>Por \u00faltimo, <strong>sobre Luis Daniel Conrado<\/strong>, Margaretic esgrimi\u00f3 los mismos agravantes e inclusive pidi\u00f3 que se considere tambi\u00e9n los antecedentes penales del acusado, situaci\u00f3n por la que<strong> requiri\u00f3 la pena de 10 a\u00f1os de prisi\u00f3n<\/strong>, situaci\u00f3n que tambi\u00e9n se explica en la imputaci\u00f3n de otra serie de delitos tales como \u201cresistencia a la autoridad\u201d, \u201clesiones\u201d y \u201ccohecho\u201d, todos vinculados a la violenta secuencia que protagoniz\u00f3 con personal policial el d\u00eda de la captura, que fue la punta del ovillo para descubrir luego una serie de maniobras extorsivas que condujeron hacia la c\u00fapula del sindicato de la construcci\u00f3n.<\/p>\n<p>&nbsp;<\/p>\n<p><img data-recalc-dims=\"1\" loading=\"lazy\" decoding=\"async\" class=\"alignnone size-full wp-image-12887\" src=\"https:\/\/i0.wp.com\/cdnoticias.com\/wp-content\/uploads\/2021\/02\/uocra.jpg?resize=800%2C545&#038;ssl=1\" alt=\"\" width=\"800\" height=\"545\" srcset=\"https:\/\/i0.wp.com\/cdnoticias.com\/wp-content\/uploads\/2021\/02\/uocra.jpg?w=806&amp;ssl=1 806w, https:\/\/i0.wp.com\/cdnoticias.com\/wp-content\/uploads\/2021\/02\/uocra.jpg?resize=300%2C204&amp;ssl=1 300w, https:\/\/i0.wp.com\/cdnoticias.com\/wp-content\/uploads\/2021\/02\/uocra.jpg?resize=768%2C523&amp;ssl=1 768w, https:\/\/i0.wp.com\/cdnoticias.com\/wp-content\/uploads\/2021\/02\/uocra.jpg?resize=130%2C90&amp;ssl=1 130w\" sizes=\"auto, (max-width: 800px) 100vw, 800px\" \/><\/p>\n<p>&nbsp;<\/p>\n<p>Las defensas tambi\u00e9n tuvieron mucho que decir al respecto. La de Conrado, precisamente, cuestion\u00f3 el operativo que deriv\u00f3 en su aprehensi\u00f3n y posterior secuestro de los elementos probatorios. El defensor particular plante\u00f3 la<strong> ilegalidad de ese procedimiento y todo lo que se erigi\u00f3 del mismo.<\/strong><\/p>\n<p>&nbsp;<\/p>\n<p>Desde la defensa de D\u00b4Amico se cuestion\u00f3 tambi\u00e9n el encuadre penal de los hechos, con especial \u00e9nfasis a la figura de asociaci\u00f3n il\u00edcita, algo que fue retomado tambi\u00e9n desde la representaci\u00f3n legal de Brun, que avanz\u00f3 tambi\u00e9n con cr\u00edticas a la acreditaci\u00f3n de las extorsiones. <strong>Las tres defensas solicitaron la absoluci\u00f3n de sus defendidos y que, en caso que se los condene, que sea por el m\u00ednimo de la escala penal.<\/strong><\/p>\n<p>&nbsp;<\/p>\n<p>Ahora la palabra la tiene el Juez Joaqu\u00edn Duba, del Tribunal Oral en lo Criminal N\u00b0 1, quien paut\u00f3<strong> el pr\u00f3ximo 31 de agosto al mediod\u00eda como fecha para dar a conocer la sentencia.<\/strong><\/p>\n","protected":false},"excerpt":{"rendered":"<p>El monto m\u00e1s alto correspondo a lo requerido para Roberto D\u00b4Amico, el hist\u00f3rico referente del sindicato de la construcci\u00f3n local.<\/p>\n","protected":false},"author":4,"featured_media":12886,"comment_status":"closed","ping_status":"closed","sticky":false,"template":"","format":"standard","meta":{"_jetpack_memberships_contains_paid_content":false,"footnotes":""},"categories":[14,1],"tags":[],"class_list":["post-26820","post","type-post","status-publish","format-standard","has-post-thumbnail","hentry","category-policiales","category-portada"],"jetpack_featured_media_url":"https:\/\/i0.wp.com\/cdnoticias.com\/wp-content\/uploads\/2021\/02\/uocra02.jpg?fit=741%2C445&ssl=1","jetpack_sharing_enabled":true,"_links":{"self":[{"href":"https:\/\/cdnoticias.com\/index.php\/wp-json\/wp\/v2\/posts\/26820","targetHints":{"allow":["GET"]}}],"collection":[{"href":"https:\/\/cdnoticias.com\/index.php\/wp-json\/wp\/v2\/posts"}],"about":[{"href":"https:\/\/cdnoticias.com\/index.php\/wp-json\/wp\/v2\/types\/post"}],"author":[{"embeddable":true,"href":"https:\/\/cdnoticias.com\/index.php\/wp-json\/wp\/v2\/users\/4"}],"replies":[{"embeddable":true,"href":"https:\/\/cdnoticias.com\/index.php\/wp-json\/wp\/v2\/comments?post=26820"}],"version-history":[{"count":0,"href":"https:\/\/cdnoticias.com\/index.php\/wp-json\/wp\/v2\/posts\/26820\/revisions"}],"wp:featuredmedia":[{"embeddable":true,"href":"https:\/\/cdnoticias.com\/index.php\/wp-json\/wp\/v2\/media\/12886"}],"wp:attachment":[{"href":"https:\/\/cdnoticias.com\/index.php\/wp-json\/wp\/v2\/media?parent=26820"}],"wp:term":[{"taxonomy":"category","embeddable":true,"href":"https:\/\/cdnoticias.com\/index.php\/wp-json\/wp\/v2\/categories?post=26820"},{"taxonomy":"post_tag","embeddable":true,"href":"https:\/\/cdnoticias.com\/index.php\/wp-json\/wp\/v2\/tags?post=26820"}],"curies":[{"name":"wp","href":"https:\/\/api.w.org\/{rel}","templated":true}]}}