{"id":26810,"date":"2021-07-16T16:34:34","date_gmt":"2021-07-16T19:34:34","guid":{"rendered":"http:\/\/www.centraldenoticias.com.ar\/?p=26810"},"modified":"2021-07-16T16:34:34","modified_gmt":"2021-07-16T19:34:34","slug":"raul-oscar-gallastegui-negro-q-e-p-d","status":"publish","type":"post","link":"https:\/\/cdnoticias.com\/index.php\/2021\/07\/16\/raul-oscar-gallastegui-negro-q-e-p-d\/","title":{"rendered":"Ra\u00fal Oscar Gallastegui &#8220;Negro&#8221; (Q.E.P.D.)"},"content":{"rendered":"<p>Falleci\u00f3 en Olavarr\u00eda el d\u00eda 16 de Julio de 2021 a los 63 a\u00f1os de edad. Su esposa Graciela Beatriz Pennaccio, sus hijos Cecilia, Romina, Mauro, Dar\u00edo Gallastegui y dem\u00e1s deudos participan su fallecimiento.<\/p>\n<p>&nbsp;<\/p>\n<p>Sus restos ser\u00e1n velados en la sala de Espa\u00f1a 2942, Departamento &#8220;D&#8221;, este s\u00e1bado desde las 7:30 y ser\u00e1n inhumados desde las 9:30 cementerio Loma de Paz. Servicio adherido a Coopelectric.<\/p>\n<p>&nbsp;<\/p>\n<p>Nacido en Sierra Chica, vecino del barrio Villa Aurora 2. Jubilado. Ex Sub Oficial del Ej\u00e9rcito Argentino.<\/p>\n<p>&nbsp;<\/p>\n<p>&nbsp;<\/p>\n","protected":false},"excerpt":{"rendered":"<p>Falleci\u00f3 en Olavarr\u00eda el d\u00eda 16 de Julio de 2021 a los 63 a\u00f1os de edad. Su esposa Graciela Beatriz<\/p>\n","protected":false},"author":4,"featured_media":0,"comment_status":"closed","ping_status":"closed","sticky":false,"template":"","format":"standard","meta":{"_jetpack_memberships_contains_paid_content":false,"footnotes":""},"categories":[10],"tags":[],"class_list":["post-26810","post","type-post","status-publish","format-standard","hentry","category-necrologicas"],"jetpack_featured_media_url":"","jetpack_sharing_enabled":true,"_links":{"self":[{"href":"https:\/\/cdnoticias.com\/index.php\/wp-json\/wp\/v2\/posts\/26810","targetHints":{"allow":["GET"]}}],"collection":[{"href":"https:\/\/cdnoticias.com\/index.php\/wp-json\/wp\/v2\/posts"}],"about":[{"href":"https:\/\/cdnoticias.com\/index.php\/wp-json\/wp\/v2\/types\/post"}],"author":[{"embeddable":true,"href":"https:\/\/cdnoticias.com\/index.php\/wp-json\/wp\/v2\/users\/4"}],"replies":[{"embeddable":true,"href":"https:\/\/cdnoticias.com\/index.php\/wp-json\/wp\/v2\/comments?post=26810"}],"version-history":[{"count":0,"href":"https:\/\/cdnoticias.com\/index.php\/wp-json\/wp\/v2\/posts\/26810\/revisions"}],"wp:attachment":[{"href":"https:\/\/cdnoticias.com\/index.php\/wp-json\/wp\/v2\/media?parent=26810"}],"wp:term":[{"taxonomy":"category","embeddable":true,"href":"https:\/\/cdnoticias.com\/index.php\/wp-json\/wp\/v2\/categories?post=26810"},{"taxonomy":"post_tag","embeddable":true,"href":"https:\/\/cdnoticias.com\/index.php\/wp-json\/wp\/v2\/tags?post=26810"}],"curies":[{"name":"wp","href":"https:\/\/api.w.org\/{rel}","templated":true}]}}