{"id":26770,"date":"2021-07-16T10:36:55","date_gmt":"2021-07-16T13:36:55","guid":{"rendered":"http:\/\/www.centraldenoticias.com.ar\/?p=26770"},"modified":"2021-07-16T10:36:55","modified_gmt":"2021-07-16T13:36:55","slug":"pensando-en-el-cierre-de-listas-se-presento-el-partido-del-dialogo-en-olavarria","status":"publish","type":"post","link":"https:\/\/cdnoticias.com\/index.php\/2021\/07\/16\/pensando-en-el-cierre-de-listas-se-presento-el-partido-del-dialogo-en-olavarria\/","title":{"rendered":"Pensando en el cierre de listas, se present\u00f3 el Partido del Di\u00e1logo en Olavarr\u00eda"},"content":{"rendered":"<p>Fue en la jornada del jueves en el club de Mariano Moreno. El encuentro fue encabezado por el presidente Juan Zyla, acompa\u00f1ado del referente seccional, Jorge Larreche.\u00a0<!--more--><\/p>\n<hr \/>\n<p>En la jornada del jueves, en las instalaciones del club Mariano Moreno<strong>, se presentaron las autoridades y dirigentes del Partido del Di\u00e1logo en la ciudad. Este partido es encabezado, a nivel nacional, por Emilio Monz\u00f3.<\/strong><\/p>\n<p>&nbsp;<\/p>\n<p>El encuentro, bajo protocolos y limitado por la situaci\u00f3n sanitaria,<strong> tuvo como referencia al presidente local del Partido, Juan Zyla, acompa\u00f1ado del referente seccional Jorge Larreche<\/strong>, ex jefe de Gabinete de la gesti\u00f3n Galli.<\/p>\n<p>&nbsp;<\/p>\n<p><img data-recalc-dims=\"1\" loading=\"lazy\" decoding=\"async\" class=\"alignnone size-large wp-image-26772\" src=\"https:\/\/i0.wp.com\/cdnoticias.com\/wp-content\/uploads\/2021\/07\/E6X6DtuWUAkg7ii.jpg?resize=800%2C600&#038;ssl=1\" alt=\"\" width=\"800\" height=\"600\" srcset=\"https:\/\/i0.wp.com\/cdnoticias.com\/wp-content\/uploads\/2021\/07\/E6X6DtuWUAkg7ii.jpg?resize=1024%2C768&amp;ssl=1 1024w, https:\/\/i0.wp.com\/cdnoticias.com\/wp-content\/uploads\/2021\/07\/E6X6DtuWUAkg7ii.jpg?resize=300%2C225&amp;ssl=1 300w, https:\/\/i0.wp.com\/cdnoticias.com\/wp-content\/uploads\/2021\/07\/E6X6DtuWUAkg7ii.jpg?resize=768%2C576&amp;ssl=1 768w, https:\/\/i0.wp.com\/cdnoticias.com\/wp-content\/uploads\/2021\/07\/E6X6DtuWUAkg7ii.jpg?w=1600&amp;ssl=1 1600w\" sizes=\"auto, (max-width: 800px) 100vw, 800px\" \/><\/p>\n<p>&nbsp;<\/p>\n<p>Adem\u00e1s, participaron la vicepresidenta del espacio, Mar\u00eda Edith Andrich, el secretario general Emilio Moriones, adem\u00e1s de la secretaria de la Mujer, Cristina Di Salvo, y el secretario de Juventud Ger\u00f3nimo Ramallo.<\/p>\n<p>&nbsp;<\/p>\n<p>Uno de los datos que fueron resaltados en el encuentro es que<strong> finalmente el Partido del Di\u00e1logo conforma uno de los sectores de \u201cJuntos\u201d de cara a las pr\u00f3ximas elecciones.<\/strong><\/p>\n<p>&nbsp;<\/p>\n<blockquote class=\"twitter-tweet\">\n<p dir=\"ltr\" lang=\"es\">El Partido del Di\u00e1logo se present\u00f3 este jueves en en el club Mariano Moreno de Olavarr\u00eda.<\/p>\n<p>El encuentro fue encabezado por las autoridades del espacio que lidera a nivel nacional <a href=\"https:\/\/twitter.com\/monzoemilio?ref_src=twsrc%5Etfw\">@monzoemilio<\/a> <a href=\"https:\/\/t.co\/uTZ69X7HnN\">pic.twitter.com\/uTZ69X7HnN<\/a><\/p>\n<p>\u2014 Olavarr\u00eda con Emilio (@OlavaConEmilio) <a href=\"https:\/\/twitter.com\/OlavaConEmilio\/status\/1415812603646029827?ref_src=twsrc%5Etfw\">July 15, 2021<\/a><\/p><\/blockquote>\n<p><script async src=\"https:\/\/platform.twitter.com\/widgets.js\" charset=\"utf-8\"><\/script><\/p>\n<p>&nbsp;<\/p>\n<p>Justamente, <a href=\"https:\/\/cdnoticias.com\/index.php\/2021\/07\/13\/monzo-sera-candidato-a-diputado-nacional-junto-a-facundo-manes\/\" target=\"_blank\" rel=\"noopener\">Emilio Monz\u00f3 confirm\u00f3 que ser\u00e1 candidato en la lista que encabezar\u00e1, por ahora, Facundo Manes<\/a> y que enfrentar\u00eda en una PASO a Diego Santilli, del sector PRO.<\/p>\n<p>&nbsp;<\/p>\n<p>En Olavarr\u00eda, por ahora, <strong>\u201chay conversaciones\u201d entre el Partido del Di\u00e1logo y sectores de la UCR que enfrentar\u00edan, hasta el momento, al candidato que presente el sector Pro, encabezados por el intendente Galli.<\/strong><\/p>\n","protected":false},"excerpt":{"rendered":"<p>Fue en la jornada del jueves en el club de Mariano Moreno. El encuentro fue encabezado por el presidente Juan<\/p>\n","protected":false},"author":2,"featured_media":26771,"comment_status":"closed","ping_status":"closed","sticky":false,"template":"","format":"standard","meta":{"_jetpack_memberships_contains_paid_content":false,"footnotes":""},"categories":[4,1],"tags":[],"class_list":["post-26770","post","type-post","status-publish","format-standard","has-post-thumbnail","hentry","category-politica","category-portada"],"jetpack_featured_media_url":"https:\/\/i0.wp.com\/cdnoticias.com\/wp-content\/uploads\/2021\/07\/E6X6DMxWUAEDtwy.jpg?fit=1600%2C1200&ssl=1","jetpack_sharing_enabled":true,"_links":{"self":[{"href":"https:\/\/cdnoticias.com\/index.php\/wp-json\/wp\/v2\/posts\/26770","targetHints":{"allow":["GET"]}}],"collection":[{"href":"https:\/\/cdnoticias.com\/index.php\/wp-json\/wp\/v2\/posts"}],"about":[{"href":"https:\/\/cdnoticias.com\/index.php\/wp-json\/wp\/v2\/types\/post"}],"author":[{"embeddable":true,"href":"https:\/\/cdnoticias.com\/index.php\/wp-json\/wp\/v2\/users\/2"}],"replies":[{"embeddable":true,"href":"https:\/\/cdnoticias.com\/index.php\/wp-json\/wp\/v2\/comments?post=26770"}],"version-history":[{"count":0,"href":"https:\/\/cdnoticias.com\/index.php\/wp-json\/wp\/v2\/posts\/26770\/revisions"}],"wp:featuredmedia":[{"embeddable":true,"href":"https:\/\/cdnoticias.com\/index.php\/wp-json\/wp\/v2\/media\/26771"}],"wp:attachment":[{"href":"https:\/\/cdnoticias.com\/index.php\/wp-json\/wp\/v2\/media?parent=26770"}],"wp:term":[{"taxonomy":"category","embeddable":true,"href":"https:\/\/cdnoticias.com\/index.php\/wp-json\/wp\/v2\/categories?post=26770"},{"taxonomy":"post_tag","embeddable":true,"href":"https:\/\/cdnoticias.com\/index.php\/wp-json\/wp\/v2\/tags?post=26770"}],"curies":[{"name":"wp","href":"https:\/\/api.w.org\/{rel}","templated":true}]}}