{"id":26754,"date":"2021-07-15T20:44:31","date_gmt":"2021-07-15T23:44:31","guid":{"rendered":"http:\/\/www.centraldenoticias.com.ar\/?p=26754"},"modified":"2021-07-16T08:10:38","modified_gmt":"2021-07-16T11:10:38","slug":"ezequiel-galli-no-queremos-que-se-convierta-en-una-extorsion","status":"publish","type":"post","link":"https:\/\/cdnoticias.com\/index.php\/2021\/07\/15\/ezequiel-galli-no-queremos-que-se-convierta-en-una-extorsion\/","title":{"rendered":"Ezequiel Galli: \u201cNo queremos que se convierta en una extorsi\u00f3n\u201d"},"content":{"rendered":"<p>De esa manera se proclam\u00f3 en las \u00faltimas horas el intendente municipal, ante el quite de colaboraci\u00f3n de trabajadores municipales en el Hospital.<!--more--><\/p>\n<hr \/>\n<p><strong>\u201cVamos a hacer lo necesario para que nuestro sistema de salud siga funcionando de la misma manera\u201d<\/strong>. En la noche de este jueves el intendente Ezequiel Galli se pronunci\u00f3 al respecto de la delicada situaci\u00f3n que se da en torno al Hospital Municipal \u201cDoctor H\u00e9ctor Cura\u201d a partir de la <a href=\"https:\/\/cdnoticias.com\/index.php\/2021\/07\/13\/paritaria-tras-una-asamblea-en-el-hospital-los-municipales-endurecen-las-medidas\/\" target=\"_blank\" rel=\"noopener\">medida de fuerza del Sindicato de Trabajadores Municipales, en el marco de la negociaci\u00f3n paritaria.<\/a><\/p>\n<p>&nbsp;<\/p>\n<p><a href=\"https:\/\/cdnoticias.com\/index.php\/2021\/07\/15\/retencion-de-tareas-en-el-hospital-es-muy-dificil-poder-sostenerlo-mucho-tiempo\/\" target=\"_blank\" rel=\"noopener\">Tal como lo expuso la directora del centro asistencial local<\/a>, la doctora Silvina Guanuco, la retenci\u00f3n de tareas ha afectado principalmente las tareas de limpieza, al punto de tener que ser <strong>canceladas todas las cirug\u00edas programadas debido a la imposibilidad de llevar adelante las tareas de higiene en los quir\u00f3fanos<\/strong>. Fue en ello tambi\u00e9n que se enmarc\u00f3 el <a href=\"https:\/\/cdnoticias.com\/index.php\/2021\/07\/14\/retencion-de-tareas-en-el-sistema-de-salud-el-municipio-solicito-la-conciliacion-obligatoria\/\" target=\"_blank\" rel=\"noopener\">pedido de conciliaci\u00f3n obligatoria planteado desde el municipio ante el Ministerio de Trabajo<\/a>.<\/p>\n<p>&nbsp;<\/p>\n<p><img data-recalc-dims=\"1\" loading=\"lazy\" decoding=\"async\" class=\"alignnone size-full wp-image-21061\" src=\"https:\/\/i0.wp.com\/cdnoticias.com\/wp-content\/uploads\/2021\/05\/galli-800x445.jpg?resize=800%2C445&#038;ssl=1\" alt=\"\" width=\"800\" height=\"445\" srcset=\"https:\/\/i0.wp.com\/cdnoticias.com\/wp-content\/uploads\/2021\/05\/galli-800x445.jpg?resize=800%2C445&amp;ssl=1 800w, https:\/\/i0.wp.com\/cdnoticias.com\/wp-content\/uploads\/2021\/05\/galli-800x445.jpg?resize=300%2C167&amp;ssl=1 300w, https:\/\/i0.wp.com\/cdnoticias.com\/wp-content\/uploads\/2021\/05\/galli-800x445.jpg?resize=768%2C427&amp;ssl=1 768w\" sizes=\"auto, (max-width: 800px) 100vw, 800px\" \/><\/p>\n<p>&nbsp;<\/p>\n<p><strong>\u201cEstamos llevando a cabo una negociaci\u00f3n, no queremos que se convierta en una extorsi\u00f3n\u201d<\/strong>, plante\u00f3 en las \u00faltimas horas el jefe comunal olavarriense. \u201cEn las sucesivas reuniones que hemos tenido con los representantes del Sindicato <strong>hemos ofrecido un 45% de aumento salarial y un bono anual de $14.500 pesos\u201d, agreg\u00f3.<\/strong><\/p>\n<p>&nbsp;<\/p>\n<p>En la continuidad de sus dichos Galli se\u00f1al\u00f3 que <strong>\u201cestamos haciendo un gran esfuerzo econ\u00f3mico desde el Municipio para mejorar las condiciones laborales de los trabajadores y nos encontramos con dirigentes sindicales que no est\u00e1n dispuestos a negociar\u201d<\/strong>.<\/p>\n<p>&nbsp;<\/p>\n<p><img data-recalc-dims=\"1\" loading=\"lazy\" decoding=\"async\" class=\"alignnone size-full wp-image-19207\" src=\"https:\/\/i0.wp.com\/cdnoticias.com\/wp-content\/uploads\/2021\/04\/Galli-Caputo-respirador00.jpg?resize=650%2C361&#038;ssl=1\" alt=\"\" width=\"650\" height=\"361\" srcset=\"https:\/\/i0.wp.com\/cdnoticias.com\/wp-content\/uploads\/2021\/04\/Galli-Caputo-respirador00.jpg?w=650&amp;ssl=1 650w, https:\/\/i0.wp.com\/cdnoticias.com\/wp-content\/uploads\/2021\/04\/Galli-Caputo-respirador00.jpg?resize=300%2C167&amp;ssl=1 300w\" sizes=\"auto, (max-width: 650px) 100vw, 650px\" \/><\/p>\n<p>&nbsp;<\/p>\n<p>Adem\u00e1s, el jefe comunal dijo que \u201csiempre estuvimos y estaremos abiertos al di\u00e1logo pero quiero llevar tranquilidad a los vecinos de Olavarr\u00eda porque <strong>vamos a hacer lo que sea necesario para que nuestro sistema de salud y nuestro Hospital, del que estamos tan orgullosos, sigan funcionando de la misma manera\u201d.<\/strong><\/p>\n<p>&nbsp;<\/p>\n<p>Asimismo, el mandatario destac\u00f3: \u201chemos sido uno de los pocos Municipios que en Fase 4 y eso es fruto de un excelente grupo de profesionales y empleados del sistema de salud y de una permanente inversi\u00f3n en insumos, equipamiento y recurso humano. <strong>Hemos ejecutado el 95% del presupuesto en salud producto de una pandemia que a\u00fan no termin\u00f3\u201d.<\/strong><\/p>\n<p>&nbsp;<\/p>\n<p>Finalmente, Ezequiel Galli manifest\u00f3: \u201choy por la tarde tuvimos una audiencia con el Ministerio de Trabajo y fuimos convocados a una nueva audiencia para ma\u00f1ana. Vamos a concurrir con el objetivo de solucionar este conflicto por el camino de la institucionalidad y el di\u00e1logo\u201d.<\/p>\n","protected":false},"excerpt":{"rendered":"<p>De esa manera se proclam\u00f3 en las \u00faltimas horas el intendente municipal, ante el quite de colaboraci\u00f3n de trabajadores municipales<\/p>\n","protected":false},"author":3,"featured_media":26755,"comment_status":"closed","ping_status":"closed","sticky":false,"template":"","format":"standard","meta":{"_jetpack_memberships_contains_paid_content":false,"footnotes":""},"categories":[5,1],"tags":[],"class_list":["post-26754","post","type-post","status-publish","format-standard","has-post-thumbnail","hentry","category-informacion-general","category-portada"],"jetpack_featured_media_url":"https:\/\/i0.wp.com\/cdnoticias.com\/wp-content\/uploads\/2021\/07\/Salud-Reuni%C3%B3n-Galli-equipo-Salud-1024x683-e1626392604301.jpg?fit=870%2C512&ssl=1","jetpack_sharing_enabled":true,"_links":{"self":[{"href":"https:\/\/cdnoticias.com\/index.php\/wp-json\/wp\/v2\/posts\/26754","targetHints":{"allow":["GET"]}}],"collection":[{"href":"https:\/\/cdnoticias.com\/index.php\/wp-json\/wp\/v2\/posts"}],"about":[{"href":"https:\/\/cdnoticias.com\/index.php\/wp-json\/wp\/v2\/types\/post"}],"author":[{"embeddable":true,"href":"https:\/\/cdnoticias.com\/index.php\/wp-json\/wp\/v2\/users\/3"}],"replies":[{"embeddable":true,"href":"https:\/\/cdnoticias.com\/index.php\/wp-json\/wp\/v2\/comments?post=26754"}],"version-history":[{"count":0,"href":"https:\/\/cdnoticias.com\/index.php\/wp-json\/wp\/v2\/posts\/26754\/revisions"}],"wp:featuredmedia":[{"embeddable":true,"href":"https:\/\/cdnoticias.com\/index.php\/wp-json\/wp\/v2\/media\/26755"}],"wp:attachment":[{"href":"https:\/\/cdnoticias.com\/index.php\/wp-json\/wp\/v2\/media?parent=26754"}],"wp:term":[{"taxonomy":"category","embeddable":true,"href":"https:\/\/cdnoticias.com\/index.php\/wp-json\/wp\/v2\/categories?post=26754"},{"taxonomy":"post_tag","embeddable":true,"href":"https:\/\/cdnoticias.com\/index.php\/wp-json\/wp\/v2\/tags?post=26754"}],"curies":[{"name":"wp","href":"https:\/\/api.w.org\/{rel}","templated":true}]}}