{"id":26718,"date":"2021-07-15T18:22:09","date_gmt":"2021-07-15T21:22:09","guid":{"rendered":"http:\/\/www.centraldenoticias.com.ar\/?p=26718"},"modified":"2021-07-15T18:23:52","modified_gmt":"2021-07-15T21:23:52","slug":"piti-fernandez-anuncio-un-concierto-en-olavarria-2","status":"publish","type":"post","link":"https:\/\/cdnoticias.com\/index.php\/2021\/07\/15\/piti-fernandez-anuncio-un-concierto-en-olavarria-2\/","title":{"rendered":"Piti Fern\u00e1ndez anunci\u00f3 un concierto en Olavarr\u00eda"},"content":{"rendered":"<p>El vocalista de Las Pastillas del Abuelo se presentar\u00e1 con un show ac\u00fastico en el Teatro Municipal este mes. Los detalles.<\/p>\n<p><!--more--><\/p>\n<hr \/>\n<p>A trav\u00e9s de sus redes sociales, <strong>Juan Germ\u00e1n \u201cPiti\u201d Fern\u00e1ndez<\/strong>, anunci\u00f3 que se presentar\u00e1 en nuestra ciudad<strong> este mes<\/strong> en vacaciones de invierno.\u00a0El show ser\u00e1 <strong>el pr\u00f3ximo martes 27 de julio a las 20:00 en el Teatro Municipal.<\/strong><\/p>\n<p>&nbsp;<\/p>\n<p>Se trata del <strong>vocalista<\/strong> de la reconocida banda <strong>Las Pastillas del Abuelo<\/strong>, aunque en esta ocasi\u00f3n la presentaci\u00f3n ser\u00e1 en el marco de su <strong>proyecto solista<\/strong>\u00a0presentando su nuevo single: <strong>\u201cEl c\u00f3mo y el que\u201d<\/strong> en la gira titulada <strong>&#8220;Caminos Br\u00edos&#8221;.\u00a0<\/strong><\/p>\n<p>&nbsp;<\/p>\n<p>Las entradas <strong>ya se encuentran disponibles a la venta<\/strong> por la p\u00e1gina<strong> tuentrada.com<\/strong> y por otro lado en la <strong>boleter\u00eda del teatro en el horario de 8 a 15.<\/strong><\/p>\n<p>&nbsp;<\/p>\n<p>&nbsp;<\/p>\n","protected":false},"excerpt":{"rendered":"<p>El vocalista de Las Pastillas del Abuelo se presentar\u00e1 con un show ac\u00fastico en el Teatro Municipal este mes. Los<\/p>\n","protected":false},"author":6,"featured_media":26724,"comment_status":"closed","ping_status":"closed","sticky":false,"template":"","format":"standard","meta":{"_jetpack_memberships_contains_paid_content":false,"footnotes":""},"categories":[9,1],"tags":[],"class_list":["post-26718","post","type-post","status-publish","format-standard","has-post-thumbnail","hentry","category-cultura","category-portada"],"jetpack_featured_media_url":"https:\/\/i0.wp.com\/cdnoticias.com\/wp-content\/uploads\/2021\/07\/piti01-1.jpg?fit=800%2C445&ssl=1","jetpack_sharing_enabled":true,"_links":{"self":[{"href":"https:\/\/cdnoticias.com\/index.php\/wp-json\/wp\/v2\/posts\/26718","targetHints":{"allow":["GET"]}}],"collection":[{"href":"https:\/\/cdnoticias.com\/index.php\/wp-json\/wp\/v2\/posts"}],"about":[{"href":"https:\/\/cdnoticias.com\/index.php\/wp-json\/wp\/v2\/types\/post"}],"author":[{"embeddable":true,"href":"https:\/\/cdnoticias.com\/index.php\/wp-json\/wp\/v2\/users\/6"}],"replies":[{"embeddable":true,"href":"https:\/\/cdnoticias.com\/index.php\/wp-json\/wp\/v2\/comments?post=26718"}],"version-history":[{"count":0,"href":"https:\/\/cdnoticias.com\/index.php\/wp-json\/wp\/v2\/posts\/26718\/revisions"}],"wp:featuredmedia":[{"embeddable":true,"href":"https:\/\/cdnoticias.com\/index.php\/wp-json\/wp\/v2\/media\/26724"}],"wp:attachment":[{"href":"https:\/\/cdnoticias.com\/index.php\/wp-json\/wp\/v2\/media?parent=26718"}],"wp:term":[{"taxonomy":"category","embeddable":true,"href":"https:\/\/cdnoticias.com\/index.php\/wp-json\/wp\/v2\/categories?post=26718"},{"taxonomy":"post_tag","embeddable":true,"href":"https:\/\/cdnoticias.com\/index.php\/wp-json\/wp\/v2\/tags?post=26718"}],"curies":[{"name":"wp","href":"https:\/\/api.w.org\/{rel}","templated":true}]}}