{"id":26713,"date":"2021-07-16T08:08:32","date_gmt":"2021-07-16T11:08:32","guid":{"rendered":"http:\/\/www.centraldenoticias.com.ar\/?p=26713"},"modified":"2021-07-16T10:53:18","modified_gmt":"2021-07-16T13:53:18","slug":"federico-aguilera-no-se-si-voy-a-ser-candidato-todavia","status":"publish","type":"post","link":"https:\/\/cdnoticias.com\/index.php\/2021\/07\/16\/federico-aguilera-no-se-si-voy-a-ser-candidato-todavia\/","title":{"rendered":"Federico Aguilera: \u201cno s\u00e9 si voy a ser candidato todav\u00eda\u201d"},"content":{"rendered":"<p>El funcionario provincial y referente local del Frente de Todos habl\u00f3 con Central de Noticias tras la presentaci\u00f3n con Gabriel Katopodis. Obras, gesti\u00f3n y articulaci\u00f3n. Y adem\u00e1s, el cierre de listas.<!--more--><\/p>\n<hr \/>\n<p><strong>Alexis Grierson<\/strong> \/ <a href=\"https:\/\/twitter.com\/alexisdechillar\" target=\"_blank\" rel=\"noopener\">@alexisdechillar<\/a><\/p>\n<p><em>(del staff de Central de Noticias)<\/em><\/p>\n<p>&nbsp;<\/p>\n<p><strong>El funcionario provincial y referente local del Frente de Todos, Federico Aguilera<\/strong>, fue parte de la presentaci\u00f3n con <a href=\"https:\/\/cdnoticias.com\/index.php\/2021\/07\/15\/el-acceso-a-hinojo-en-licitacion-y-a-sierras-bayas-en-proyecto\/\" target=\"_blank\" rel=\"noopener\">el ministro nacional Gabriel Katopodis en la sede de Obras P\u00fablicas<\/a>.<\/p>\n<p>&nbsp;<\/p>\n<p>Tras la conferencia habl\u00f3 con <strong>Central de Noticias<\/strong> de diversos temas aunque la consulta obligada es sobre las elecciones: <strong>\u201cno s\u00e9 si voy a ser candidato todav\u00eda\u201d<\/strong> expres\u00f3 para subrayar que <strong>\u201creci\u00e9n ahora estamos pensando qu\u00e9 vamos a hacer\u201d<\/strong>.<\/p>\n<p>&nbsp;<\/p>\n<p>Adem\u00e1s, Aguilera se refiri\u00f3 a las obras, la gesti\u00f3n y articulaci\u00f3n entre la Naci\u00f3n, la Provincia y el Municipio, y destac\u00f3 los anuncios de Katopodis con mejoras en la ruta 226.<\/p>\n<p>&nbsp;<\/p>\n<p><img data-recalc-dims=\"1\" loading=\"lazy\" decoding=\"async\" class=\"size-full wp-image-26680 aligncenter\" src=\"https:\/\/i0.wp.com\/cdnoticias.com\/wp-content\/uploads\/2021\/07\/aguilera-katopodis-ruta-3-01.jpg?resize=800%2C445&#038;ssl=1\" alt=\"\" width=\"800\" height=\"445\" srcset=\"https:\/\/i0.wp.com\/cdnoticias.com\/wp-content\/uploads\/2021\/07\/aguilera-katopodis-ruta-3-01.jpg?w=964&amp;ssl=1 964w, https:\/\/i0.wp.com\/cdnoticias.com\/wp-content\/uploads\/2021\/07\/aguilera-katopodis-ruta-3-01.jpg?resize=300%2C167&amp;ssl=1 300w, https:\/\/i0.wp.com\/cdnoticias.com\/wp-content\/uploads\/2021\/07\/aguilera-katopodis-ruta-3-01.jpg?resize=768%2C427&amp;ssl=1 768w, https:\/\/i0.wp.com\/cdnoticias.com\/wp-content\/uploads\/2021\/07\/aguilera-katopodis-ruta-3-01.jpg?resize=800%2C445&amp;ssl=1 800w\" sizes=\"auto, (max-width: 800px) 100vw, 800px\" \/><\/p>\n<p>&nbsp;<\/p>\n<p><em>-Estamos en Capital hablando de anuncios de obra p\u00fablica y ya has sido part\u00edcipe de varios de ellos. \u00bfC\u00f3mo ves el trabajo articulado en Olavarr\u00eda con Provincia y con Naci\u00f3n?<\/em><\/p>\n<p>&nbsp;<\/p>\n<p>-Es important\u00edsimo el trabajo que se hace en materia de obra p\u00fablica a nivel nacional y provincial. El ministro mencionaba que en todo el territorio nacional<strong> hay m\u00e1s de 1.700 obras que en ejecuci\u00f3n<\/strong> lo cual no es poco, y que todo eso significa obviamente recursos de inversi\u00f3n que repercuten directamente en los municipios.<\/p>\n<p>&nbsp;<\/p>\n<blockquote><p>En Olavarr\u00eda repercute de una manera en particular porque somos un municipio con una matriz productiva con una fuerte impronta minera, un fuerte desarrollo de la construcci\u00f3n y de servicios. Todo lo que sea obra p\u00fablica genera dinamismo en la econom\u00eda, genera que se mueva la actividad minera, que se mueva el rubro de la construcci\u00f3n y la mano de obra con lo cual para nosotros es important\u00edsimo m\u00e1s all\u00e1 de que todas las obras que se hacen mejoren la calidad de vida de los vecinos.<\/p><\/blockquote>\n<p>&nbsp;<\/p>\n<p>El trabajo que se hace de manera articulada entre Provincia y Naci\u00f3n se puede materializar y observar de dos maneras. En principio, <strong>en el Partido de Olavarr\u00eda pr\u00e1cticamente la totalidad de las obras que se est\u00e1n anunciando son con fondos que vienen de Provincia y de Naci\u00f3n<\/strong>. Casi es m\u00ednima la cantidad de obra que se ha anunciado con fondos municipales, es que la impronta que ha tenido el gobierno nacional y provincial en materia de obra p\u00fablica ha sido important\u00edsima.<\/p>\n<p>&nbsp;<\/p>\n<p>Y que <strong>las gestiones que hemos llevado adelante articulando entre las carteras nacional y provincial con la gesti\u00f3n municipal, m\u00e1s all\u00e1 del color pol\u00edtico partidario, han dado sus frutos<\/strong> y eso es importante.<\/p>\n<p>&nbsp;<\/p>\n<p>Tambi\u00e9n vemos, por ejemplo, en algunas obras como las que son de materia educativa, como son la<a href=\"https:\/\/cdnoticias.com\/index.php\/2021\/06\/25\/federico-aguilera-recorrio-el-inicio-de-las-obras-del-jardin-de-infantes-del-barrio-aoma\/\" target=\"_blank\" rel=\"noopener\"> construcci\u00f3n del jard\u00edn en el barrio Aoma<\/a>, que son con fondos que provienen de Naci\u00f3n y que se ejecutan a trav\u00e9s del Ministerio de Educaci\u00f3n de la provincia de Buenos Aires. La articulaci\u00f3n es constante entre todos los estamentos y es bueno poder ver qu\u00e9 est\u00e1 dando sus frutos y que <strong>hay tantas obras que se est\u00e1n llevando adelante en Olavarr\u00eda en materia de cloacas, escuelas, vialidad, seguridad<\/strong>. Eso me parece que hac\u00eda much\u00edsimos a\u00f1os que no pasaba.<\/p>\n<p>&nbsp;<\/p>\n<p><img data-recalc-dims=\"1\" loading=\"lazy\" decoding=\"async\" class=\"size-large wp-image-26690 aligncenter\" src=\"https:\/\/i0.wp.com\/cdnoticias.com\/wp-content\/uploads\/2021\/07\/aguilera-katopodis-conf-04.jpg?resize=800%2C445&#038;ssl=1\" alt=\"\" width=\"800\" height=\"445\" srcset=\"https:\/\/i0.wp.com\/cdnoticias.com\/wp-content\/uploads\/2021\/07\/aguilera-katopodis-conf-04.jpg?w=1024&amp;ssl=1 1024w, https:\/\/i0.wp.com\/cdnoticias.com\/wp-content\/uploads\/2021\/07\/aguilera-katopodis-conf-04.jpg?resize=300%2C167&amp;ssl=1 300w, https:\/\/i0.wp.com\/cdnoticias.com\/wp-content\/uploads\/2021\/07\/aguilera-katopodis-conf-04.jpg?resize=768%2C428&amp;ssl=1 768w, https:\/\/i0.wp.com\/cdnoticias.com\/wp-content\/uploads\/2021\/07\/aguilera-katopodis-conf-04.jpg?resize=800%2C445&amp;ssl=1 800w\" sizes=\"auto, (max-width: 800px) 100vw, 800px\" \/><\/p>\n<p>&nbsp;<\/p>\n<p><em>-\u00bfC\u00f3mo es la relaci\u00f3n con el Municipio? \u00bfCu\u00e1l es tu rol teniendo en cuenta que has hecho algunos anuncios como la <a href=\"https:\/\/cdnoticias.com\/index.php\/2021\/06\/29\/aguilera-anuncio-la-repavimentacion-de-la-avenida-eva-peron\/\" target=\"_blank\" rel=\"noopener\">repavimentaci\u00f3n de avenida Circunvalaci\u00f3n<\/a>?<\/em><\/p>\n<p>&nbsp;<\/p>\n<p>-Nosotros tenemos un di\u00e1logo muy cotidiano con el intendente municipal, nos hemos reunido en reiteradas ocasiones con \u00e9l y con su gabinete. Siempre<strong> lo que ponemos en prioridad son las demandas y las necesidades de los vecinos<\/strong> m\u00e1s all\u00e1 de la cuesti\u00f3n partidaria.<\/p>\n<p>&nbsp;<\/p>\n<blockquote><p>Nosotros sabemos que las obras que trabajamos para que se puedan llevar adelante, el Municipio de alguna manera termina capitalizando por decirlo pol\u00edticamente, pero eso es secundario. Lo que nos tiene que importar es que las obras lleguen.<\/p><\/blockquote>\n<p>&nbsp;<\/p>\n<p>Es nuestro rol y fue lo que dijimos luego de las elecciones 2019, si te acord\u00e1s, cuando nos toc\u00f3 en mi caso perder la elecci\u00f3n a intendente <strong>dije que sea cual sea cual el lugar que me tocara ocupar iba a hacerlo en funci\u00f3n de ayudar al Partido de Olavarr\u00eda y mejorar la calidad de vida de los vecinos<\/strong>. Estamos cumpliendo con esa premisa, el lugar que me toca ocupar siempre trato de utilizarlo para llevar beneficios para los vecinos de Olavarr\u00eda.<\/p>\n<p>&nbsp;<\/p>\n<p><em>-\u00bfC\u00f3mo viste estos anuncios sobre las obras de los accesos a Hinojo y Sierras Bayas?<\/em><\/p>\n<p>&nbsp;<\/p>\n<p>-Son obras important\u00edsimas, porque <strong>la demanda genuina de los vecinos ten\u00eda que ver primero con la seguridad vial<\/strong>. Son zonas donde han habido gran cantidad de siniestros viales y eso genera mejores condiciones de vida y de seguridad, tanto para Sierras Bayas como Hinojo.<\/p>\n<p>&nbsp;<\/p>\n<p>Pero adem\u00e1s son<strong> zonas donde hay un gran tr\u00e1nsito log\u00edstico de camiones<\/strong> que trasladan en el caso concreto de Sierras Bayas, minerales y cereales en el caso de Hinojo.<\/p>\n<p>&nbsp;<\/p>\n<blockquote><p>Esta obra va a repercutir positivamente en todo el Partido, pero sobre todo tambi\u00e9n es importante tener en cuenta las localidades, tan olvidadas en los \u00faltimos a\u00f1os y creo que el gobierno nacional est\u00e1 haciendo un acto de justicia reivindicando la demanda de las localidades del cord\u00f3n serrano.<\/p><\/blockquote>\n<p>&nbsp;<\/p>\n<p><img data-recalc-dims=\"1\" loading=\"lazy\" decoding=\"async\" class=\"size-large wp-image-26682 aligncenter\" src=\"https:\/\/i0.wp.com\/cdnoticias.com\/wp-content\/uploads\/2021\/07\/aguilera-katopodis-conf-02.jpg?resize=800%2C538&#038;ssl=1\" alt=\"\" width=\"800\" height=\"538\" srcset=\"https:\/\/i0.wp.com\/cdnoticias.com\/wp-content\/uploads\/2021\/07\/aguilera-katopodis-conf-02.jpg?resize=1024%2C689&amp;ssl=1 1024w, https:\/\/i0.wp.com\/cdnoticias.com\/wp-content\/uploads\/2021\/07\/aguilera-katopodis-conf-02.jpg?resize=300%2C202&amp;ssl=1 300w, https:\/\/i0.wp.com\/cdnoticias.com\/wp-content\/uploads\/2021\/07\/aguilera-katopodis-conf-02.jpg?resize=768%2C517&amp;ssl=1 768w, https:\/\/i0.wp.com\/cdnoticias.com\/wp-content\/uploads\/2021\/07\/aguilera-katopodis-conf-02.jpg?resize=272%2C182&amp;ssl=1 272w, https:\/\/i0.wp.com\/cdnoticias.com\/wp-content\/uploads\/2021\/07\/aguilera-katopodis-conf-02.jpg?w=1551&amp;ssl=1 1551w\" sizes=\"auto, (max-width: 800px) 100vw, 800px\" \/><\/p>\n<p>&nbsp;<\/p>\n<p><em>-En lo pol\u00edtico , \u00bfc\u00f3mo ven\u00eds trabajando estos \u00faltimos d\u00edas para cierre de listas ya que sos una referencia del Frente de Todos y me imagino que tendr\u00e1s tu protagonismo?<\/em><\/p>\n<p>&nbsp;<\/p>\n<p>-Este a\u00f1o ha sido at\u00edpico. <strong>Hemos puesto todo el foco en la gesti\u00f3n<\/strong>, en la cuesti\u00f3n sanitaria en medio de una pandemia.<\/p>\n<p>&nbsp;<\/p>\n<p>En otro contexto a esta altura quiz\u00e1s ya est\u00e1bamos discutiendo c\u00f3mo se confirmaban las listas y otras cuestiones electorales. <strong>Reci\u00e9n ahora estamos pensando qu\u00e9 vamos a hacer en materia electoral<\/strong>.<\/p>\n<p>&nbsp;<\/p>\n<blockquote><p>Lo que quiero decir es que el rol que me toca ocupar hoy en el Frente de Todos tiene que ver con conducci\u00f3n y articulaci\u00f3n. No s\u00e9 si voy a ser candidato todav\u00eda, lo vamos a determinar en los pr\u00f3ximos d\u00edas en funci\u00f3n de lo que necesite el espacio.<\/p><\/blockquote>\n<p>&nbsp;<\/p>\n<p>Si al espacio le sirve que yo sea candidato, lo voy a ser y si no sirve y es mejor que sea otra persona ser\u00e1 de esa manera. <strong>Hoy no est\u00e1 nada definido<\/strong>.<\/p>\n","protected":false},"excerpt":{"rendered":"<p>El funcionario provincial y referente local del Frente de Todos habl\u00f3 con Central de Noticias tras la presentaci\u00f3n con Gabriel<\/p>\n","protected":false},"author":4,"featured_media":26678,"comment_status":"closed","ping_status":"closed","sticky":false,"template":"","format":"standard","meta":{"_jetpack_memberships_contains_paid_content":false,"footnotes":""},"categories":[4,1],"tags":[],"class_list":["post-26713","post","type-post","status-publish","format-standard","has-post-thumbnail","hentry","category-politica","category-portada"],"jetpack_featured_media_url":"https:\/\/i0.wp.com\/cdnoticias.com\/wp-content\/uploads\/2021\/07\/aguilera-katopodis-ruta-3-00.jpg?fit=1152%2C640&ssl=1","jetpack_sharing_enabled":true,"_links":{"self":[{"href":"https:\/\/cdnoticias.com\/index.php\/wp-json\/wp\/v2\/posts\/26713","targetHints":{"allow":["GET"]}}],"collection":[{"href":"https:\/\/cdnoticias.com\/index.php\/wp-json\/wp\/v2\/posts"}],"about":[{"href":"https:\/\/cdnoticias.com\/index.php\/wp-json\/wp\/v2\/types\/post"}],"author":[{"embeddable":true,"href":"https:\/\/cdnoticias.com\/index.php\/wp-json\/wp\/v2\/users\/4"}],"replies":[{"embeddable":true,"href":"https:\/\/cdnoticias.com\/index.php\/wp-json\/wp\/v2\/comments?post=26713"}],"version-history":[{"count":0,"href":"https:\/\/cdnoticias.com\/index.php\/wp-json\/wp\/v2\/posts\/26713\/revisions"}],"wp:featuredmedia":[{"embeddable":true,"href":"https:\/\/cdnoticias.com\/index.php\/wp-json\/wp\/v2\/media\/26678"}],"wp:attachment":[{"href":"https:\/\/cdnoticias.com\/index.php\/wp-json\/wp\/v2\/media?parent=26713"}],"wp:term":[{"taxonomy":"category","embeddable":true,"href":"https:\/\/cdnoticias.com\/index.php\/wp-json\/wp\/v2\/categories?post=26713"},{"taxonomy":"post_tag","embeddable":true,"href":"https:\/\/cdnoticias.com\/index.php\/wp-json\/wp\/v2\/tags?post=26713"}],"curies":[{"name":"wp","href":"https:\/\/api.w.org\/{rel}","templated":true}]}}