{"id":26705,"date":"2021-07-15T14:09:40","date_gmt":"2021-07-15T17:09:40","guid":{"rendered":"http:\/\/www.centraldenoticias.com.ar\/?p=26705"},"modified":"2021-07-15T14:09:40","modified_gmt":"2021-07-15T17:09:40","slug":"cesar-valicenti-en-la-junta-electoral-partidaria-para-las-paso","status":"publish","type":"post","link":"https:\/\/cdnoticias.com\/index.php\/2021\/07\/15\/cesar-valicenti-en-la-junta-electoral-partidaria-para-las-paso\/","title":{"rendered":"C\u00e9sar Valicenti, en la junta electoral partidaria para las PASO"},"content":{"rendered":"<p>El Frente de Todos design\u00f3 13 integrantes para este \u00f3rgano que definir\u00e1 la aceptaci\u00f3n de las listas para las elecciones de septiembre. Uno de ellos es el legislador olavarriense.<!--more--><\/p>\n<hr \/>\n<p>Este mi\u00e9rcoles <strong>venci\u00f3 el plazo del cierre de alianzas para las elecciones legislativas<\/strong> de septiembre y noviembre.<\/p>\n<p>&nbsp;<\/p>\n<blockquote><p>Una de las inscriptas es el Frente de Todos y, entre las novedades m\u00e1s destacadas, se cuenta que el olavarriense C\u00e9sar Valicenti fue designado integrante de la junta electoral de esta alianza para las PASO.<\/p><\/blockquote>\n<p>&nbsp;<\/p>\n<p><strong>Central de Noticias<\/strong> pudo saber que se cuentan en total 13 miembros en la<strong> junta electoral cuyo rol el pr\u00f3ximo 24 de julio ser\u00e1 aceptar (o rechazar) las listas que se presenten<\/strong> con las candidaturas del Frente de Todos.<\/p>\n<p>&nbsp;<\/p>\n<p>Adem\u00e1s del diputado <strong>C\u00e9sar Valicenti<\/strong> estar\u00e1n en la junta<em> Facundo Tignanelli, Juan Pablo De Jes\u00fas, Ver\u00f3nica Magario, Leonardo Nardini, Mariano Cascallares, Ricardo Lissalde, Marianela Pa\u00e9z, Fernanda D\u00edaz, Marina Moreti, Diana Conti, Susana Gonz\u00e1lez y Florencia De Luca<\/em>.<\/p>\n<p>&nbsp;<\/p>\n<p>Asimismo, se designaron<strong> representantes de las secciones electorales<\/strong>. En el caso de la S\u00e9ptima, el rol recay\u00f3 sobre el jefe comunal de Roque P\u00e9rez,<strong> Juan Carlos Gasparini<\/strong>.<\/p>\n","protected":false},"excerpt":{"rendered":"<p>El Frente de Todos design\u00f3 13 integrantes para este \u00f3rgano que definir\u00e1 la aceptaci\u00f3n de las listas para las elecciones<\/p>\n","protected":false},"author":4,"featured_media":8884,"comment_status":"closed","ping_status":"closed","sticky":false,"template":"","format":"standard","meta":{"_jetpack_memberships_contains_paid_content":false,"footnotes":""},"categories":[4,1],"tags":[],"class_list":["post-26705","post","type-post","status-publish","format-standard","has-post-thumbnail","hentry","category-politica","category-portada"],"jetpack_featured_media_url":"https:\/\/i0.wp.com\/cdnoticias.com\/wp-content\/uploads\/2020\/12\/1.jpeg?fit=1280%2C853&ssl=1","jetpack_sharing_enabled":true,"_links":{"self":[{"href":"https:\/\/cdnoticias.com\/index.php\/wp-json\/wp\/v2\/posts\/26705","targetHints":{"allow":["GET"]}}],"collection":[{"href":"https:\/\/cdnoticias.com\/index.php\/wp-json\/wp\/v2\/posts"}],"about":[{"href":"https:\/\/cdnoticias.com\/index.php\/wp-json\/wp\/v2\/types\/post"}],"author":[{"embeddable":true,"href":"https:\/\/cdnoticias.com\/index.php\/wp-json\/wp\/v2\/users\/4"}],"replies":[{"embeddable":true,"href":"https:\/\/cdnoticias.com\/index.php\/wp-json\/wp\/v2\/comments?post=26705"}],"version-history":[{"count":0,"href":"https:\/\/cdnoticias.com\/index.php\/wp-json\/wp\/v2\/posts\/26705\/revisions"}],"wp:featuredmedia":[{"embeddable":true,"href":"https:\/\/cdnoticias.com\/index.php\/wp-json\/wp\/v2\/media\/8884"}],"wp:attachment":[{"href":"https:\/\/cdnoticias.com\/index.php\/wp-json\/wp\/v2\/media?parent=26705"}],"wp:term":[{"taxonomy":"category","embeddable":true,"href":"https:\/\/cdnoticias.com\/index.php\/wp-json\/wp\/v2\/categories?post=26705"},{"taxonomy":"post_tag","embeddable":true,"href":"https:\/\/cdnoticias.com\/index.php\/wp-json\/wp\/v2\/tags?post=26705"}],"curies":[{"name":"wp","href":"https:\/\/api.w.org\/{rel}","templated":true}]}}