{"id":26702,"date":"2021-07-15T13:18:36","date_gmt":"2021-07-15T16:18:36","guid":{"rendered":"http:\/\/www.centraldenoticias.com.ar\/?p=26702"},"modified":"2021-07-15T16:34:20","modified_gmt":"2021-07-15T19:34:20","slug":"que-llegue-la-mayor-cantidad-de-obras-a-olavarria","status":"publish","type":"post","link":"https:\/\/cdnoticias.com\/index.php\/2021\/07\/15\/que-llegue-la-mayor-cantidad-de-obras-a-olavarria\/","title":{"rendered":"\u201cQue llegue la mayor cantidad de obras a Olavarr\u00eda\u201d"},"content":{"rendered":"<p>El ministro Gabriel Katopodis asegur\u00f3 que es el objetivo de los dirigentes locales del Frente de Todos. PASO 2021: \u201cque haya el mayor acuerdo posible en la secci\u00f3n y en los distritos\u201d pidi\u00f3 el funcionario.<!--more--><\/p>\n<hr \/>\n<p><strong>El ministro de Obras P\u00fablicas, Gabriel Katopodis, respondi\u00f3 sobre el contacto con la dirigencia del Frente de Todos de Olavarr\u00eda<\/strong> a la hora de definir las actividades de la cartera nacional para nuestro distrito,<a href=\"https:\/\/cdnoticias.com\/index.php\/2021\/07\/15\/el-acceso-a-hinojo-en-licitacion-y-a-sierras-bayas-en-proyecto\/\" target=\"_blank\" rel=\"noopener\"> tras haber anunciado obras sobre la ruta 226<\/a>.<\/p>\n<p>&nbsp;<\/p>\n<blockquote><p>\u201cHay una decisi\u00f3n muy clara de los compa\u00f1eros del Frente de Todos -de Federico, de todos los concejales, de los legisladores, de C\u00e9sar (Valicenti)- que es estar preocupados y trabajando por un objetivo muy claro que es que llegue la mayor cantidad de obras a Olavarr\u00eda entendiendo que esas obras mejoran la vida de los vecinos\u201d subray\u00f3 el ministro.<\/p><\/blockquote>\n<p>&nbsp;<\/p>\n<p>Asegur\u00f3 que en funci\u00f3n de ello desde su \u00e1rea de atienden los pedidos <strong>\u201cindependientemente de qui\u00e9n est\u00e9 gobernando Olavarr\u00eda\u201d<\/strong>, en referencia a que la gesti\u00f3n de Ezequiel Galli es de la oposici\u00f3n.<\/p>\n<p>&nbsp;<\/p>\n<p><img data-recalc-dims=\"1\" loading=\"lazy\" decoding=\"async\" class=\"size-full wp-image-26680 aligncenter\" src=\"https:\/\/i0.wp.com\/cdnoticias.com\/wp-content\/uploads\/2021\/07\/aguilera-katopodis-ruta-3-01.jpg?resize=800%2C445&#038;ssl=1\" alt=\"\" width=\"800\" height=\"445\" srcset=\"https:\/\/i0.wp.com\/cdnoticias.com\/wp-content\/uploads\/2021\/07\/aguilera-katopodis-ruta-3-01.jpg?w=964&amp;ssl=1 964w, https:\/\/i0.wp.com\/cdnoticias.com\/wp-content\/uploads\/2021\/07\/aguilera-katopodis-ruta-3-01.jpg?resize=300%2C167&amp;ssl=1 300w, https:\/\/i0.wp.com\/cdnoticias.com\/wp-content\/uploads\/2021\/07\/aguilera-katopodis-ruta-3-01.jpg?resize=768%2C427&amp;ssl=1 768w, https:\/\/i0.wp.com\/cdnoticias.com\/wp-content\/uploads\/2021\/07\/aguilera-katopodis-ruta-3-01.jpg?resize=800%2C445&amp;ssl=1 800w\" sizes=\"auto, (max-width: 800px) 100vw, 800px\" \/><\/p>\n<p>&nbsp;<\/p>\n<p>\u201cA eso lo quiero destacar porque no ocurre en todas las localidades que no tenemos dirigentes con la madurez y la responsabilidad de poder apuntalar esa agenda,<strong> sabiendo que por ah\u00ed a esa agenda la termina capitalizando en alg\u00fan sentido el intendente<\/strong>. Pero antes que eso est\u00e1 la preocupaci\u00f3n de que realmente se hagan las obras que necesita Olavarr\u00eda y la comunidad. Es muy importante poner eso en valor\u201d consider\u00f3 el ministro.<\/p>\n<p>&nbsp;<\/p>\n<p><strong>Elecciones<\/strong><\/p>\n<p>&nbsp;<\/p>\n<p>El tema final de la conferencia fueron las elecciones: <em>a pocos d\u00edas del cierre de listas, a\u00fan no se han confirmado precandidaturas desde el Frente de Todos en ning\u00fan plano<\/em>.<\/p>\n<p>&nbsp;<\/p>\n<p>\u00bfC\u00f3mo est\u00e1 el frente de cara al cierre de listas? <strong>\u201cMuy unido en Olavarr\u00eda, en la secci\u00f3n y en la provincia de Buenos Aires\u201d<\/strong> respondi\u00f3 inmediatamente Katopodis.<\/p>\n<p>&nbsp;<\/p>\n<p><img data-recalc-dims=\"1\" loading=\"lazy\" decoding=\"async\" class=\"size-large wp-image-26682 aligncenter\" src=\"https:\/\/i0.wp.com\/cdnoticias.com\/wp-content\/uploads\/2021\/07\/aguilera-katopodis-conf-02.jpg?resize=800%2C538&#038;ssl=1\" alt=\"\" width=\"800\" height=\"538\" srcset=\"https:\/\/i0.wp.com\/cdnoticias.com\/wp-content\/uploads\/2021\/07\/aguilera-katopodis-conf-02.jpg?resize=1024%2C689&amp;ssl=1 1024w, https:\/\/i0.wp.com\/cdnoticias.com\/wp-content\/uploads\/2021\/07\/aguilera-katopodis-conf-02.jpg?resize=300%2C202&amp;ssl=1 300w, https:\/\/i0.wp.com\/cdnoticias.com\/wp-content\/uploads\/2021\/07\/aguilera-katopodis-conf-02.jpg?resize=768%2C517&amp;ssl=1 768w, https:\/\/i0.wp.com\/cdnoticias.com\/wp-content\/uploads\/2021\/07\/aguilera-katopodis-conf-02.jpg?resize=272%2C182&amp;ssl=1 272w, https:\/\/i0.wp.com\/cdnoticias.com\/wp-content\/uploads\/2021\/07\/aguilera-katopodis-conf-02.jpg?w=1551&amp;ssl=1 1551w\" sizes=\"auto, (max-width: 800px) 100vw, 800px\" \/><\/p>\n<p>&nbsp;<\/p>\n<p>Justamente, la palabra clave fue \u201cunidad\u201d, ya que subray\u00f3 la decisi\u00f3n de \u201cque haya el mayor acuerdo posible en la secci\u00f3n y en los distritos porque sabemos que es una fortaleza y tambi\u00e9n sabemos que en el contexto actual, en la situaci\u00f3n que vivimos en el marco de esta pandemia, <strong>nosotros tambi\u00e9n tenemos que dar se\u00f1ales de unidad, de cohesi\u00f3n, de propuestas claras<\/strong>\u201d.<\/p>\n<p>&nbsp;<\/p>\n<blockquote><p>\u201cLas diferencias las tenemos que poder resolver como corresponde en una mesa de discusi\u00f3n pol\u00edtica pero poniendo por delante los objetivos que tenemos que priorizar que tienen que ver con c\u00f3mo sigue Olavarr\u00eda y c\u00f3mo sigue la Argentina al otro d\u00eda de la pandemia\u201d cerr\u00f3 Katopodis.<\/p><\/blockquote>\n<p>&nbsp;<\/p>\n<p>De esta manera, <strong>baj\u00f3 las chances de que se habiliten internas en el Frente de Todos<\/strong> tanto en la S\u00e9ptima como en el Municipio para las PASO programadas para el mes de septiembre.<\/p>\n","protected":false},"excerpt":{"rendered":"<p>El ministro Gabriel Katopodis asegur\u00f3 que es el objetivo de los dirigentes locales del Frente de Todos. PASO 2021: \u201cque<\/p>\n","protected":false},"author":4,"featured_media":26690,"comment_status":"closed","ping_status":"closed","sticky":false,"template":"","format":"standard","meta":{"_jetpack_memberships_contains_paid_content":false,"footnotes":""},"categories":[4,1],"tags":[],"class_list":["post-26702","post","type-post","status-publish","format-standard","has-post-thumbnail","hentry","category-politica","category-portada"],"jetpack_featured_media_url":"https:\/\/i0.wp.com\/cdnoticias.com\/wp-content\/uploads\/2021\/07\/aguilera-katopodis-conf-04.jpg?fit=1024%2C570&ssl=1","jetpack_sharing_enabled":true,"_links":{"self":[{"href":"https:\/\/cdnoticias.com\/index.php\/wp-json\/wp\/v2\/posts\/26702","targetHints":{"allow":["GET"]}}],"collection":[{"href":"https:\/\/cdnoticias.com\/index.php\/wp-json\/wp\/v2\/posts"}],"about":[{"href":"https:\/\/cdnoticias.com\/index.php\/wp-json\/wp\/v2\/types\/post"}],"author":[{"embeddable":true,"href":"https:\/\/cdnoticias.com\/index.php\/wp-json\/wp\/v2\/users\/4"}],"replies":[{"embeddable":true,"href":"https:\/\/cdnoticias.com\/index.php\/wp-json\/wp\/v2\/comments?post=26702"}],"version-history":[{"count":0,"href":"https:\/\/cdnoticias.com\/index.php\/wp-json\/wp\/v2\/posts\/26702\/revisions"}],"wp:featuredmedia":[{"embeddable":true,"href":"https:\/\/cdnoticias.com\/index.php\/wp-json\/wp\/v2\/media\/26690"}],"wp:attachment":[{"href":"https:\/\/cdnoticias.com\/index.php\/wp-json\/wp\/v2\/media?parent=26702"}],"wp:term":[{"taxonomy":"category","embeddable":true,"href":"https:\/\/cdnoticias.com\/index.php\/wp-json\/wp\/v2\/categories?post=26702"},{"taxonomy":"post_tag","embeddable":true,"href":"https:\/\/cdnoticias.com\/index.php\/wp-json\/wp\/v2\/tags?post=26702"}],"curies":[{"name":"wp","href":"https:\/\/api.w.org\/{rel}","templated":true}]}}