{"id":2670,"date":"2020-09-28T13:39:26","date_gmt":"2020-09-28T16:39:26","guid":{"rendered":"http:\/\/www.centraldenoticias.com.ar\/?p=2670"},"modified":"2020-09-28T17:28:47","modified_gmt":"2020-09-28T20:28:47","slug":"el-intendente-veto-el-descuento-de-50-en-seguridad-e-higiene","status":"publish","type":"post","link":"https:\/\/cdnoticias.com\/index.php\/2020\/09\/28\/el-intendente-veto-el-descuento-de-50-en-seguridad-e-higiene\/","title":{"rendered":"El Intendente vet\u00f3 el descuento de 50% en Seguridad e Higiene"},"content":{"rendered":"<p>El decreto se conoci\u00f3 este lunes. Galli consider\u00f3 que la ordenanza \u201cresulta un avance manifiesto sobre las atribuciones\u201d del Ejecutivo.<!--more--><\/p>\n<hr \/>\n<p>El intendente Ezequiel Galli vet\u00f3 la ordenanza 4.555 <a href=\"https:\/\/cdnoticias.com\/index.php\/2020\/09\/10\/con-voto-dispar-se-aprobaron-beneficios-impositivos-para-comercios-y-pymes\/\">aprobada el 10 de septiembre pasado<\/a>: los comerciantes no tendr\u00e1n descuento de 50% en la Tasa de Seguridad e Higiene.<\/p>\n<p>Se trata de la ordenanza que <strong>hab\u00eda dispuesto una extensi\u00f3n del beneficio que rigi\u00f3 desde 2018 y hasta junio pasado<\/strong> para los contribuyentes de la categor\u00eda fija de dicho tributo, que son en realidad la amplia mayor\u00eda.<\/p>\n<p>El decreto de veto se conoci\u00f3 este lunes, cuando lo recibieron los concejales, aunque tiene fecha del 22 de septiembre. Con esta medida <strong>tambi\u00e9n se rechazaron los beneficios incluidos para los deudores<\/strong>, tanto en lo que respecta a cambios en la modalidad de liquidaci\u00f3n de los planes de pago, como en la no exigencia del libre deuda municipal para la renovaci\u00f3n de licencias de conducir.<\/p>\n<p>Los mismo sucedi\u00f3 con los beneficios previstos en esa norma para la renovaci\u00f3n de la Tasa de Habilitaci\u00f3n y del Registro de Expendio de Bebidas Alcoh\u00f3licas (REBA).<\/p>\n<p><strong>La novedad caus\u00f3 rechazo y hasta enojo en algunos concejales de la oposici\u00f3n, aunque la postura de Galli sobre este tema ya era p\u00fablicamente conocida.<\/strong> El Intendente hab\u00eda definido su postura contraria a la continuidad de los descuentos impositivos sobre la Tasa de Seguridad e Higiene.<\/p>\n<p><strong>Argumentos<\/strong><\/p>\n<p>En el decreto de veto, el Ejecutivo consider\u00f3 que la ordenanza \u201cestablece modificaciones a la ordenanza fiscal, de tal forma que <strong>su aplicaci\u00f3n implicar\u00eda forzosamente una modificaci\u00f3n de los ingresos calculados en el presupuesto vigente\u201d<\/strong>. Esto \u00faltimo, en referencia a que se trata de una funci\u00f3n del Ejecutivo.<\/p>\n<p>Asimismo, plante\u00f3 que el contenido de la ordenanza <strong>\u201cconlleva la vulneraci\u00f3n del principio de estabilidad presupuestaria\u201d<\/strong> previsto en la Ley Org\u00e1nica de las Municipalidades.<\/p>\n<p>De esta misma normativa se ci\u00f1\u00f3 el Departamento Ejecutivo para sostener que <strong>\u201ccorresponde al Ejecutivo proyectar las ordenanzas impositivas y el presupuesto de gastos y recursos\u201d<\/strong>.<\/p>\n<p>Con todo esto, defini\u00f3 que <strong>\u201cresulta un avance manifiesto sobre sus atribuciones (del Concejo) la pretensi\u00f3n de disponer exenciones tributarias, diversas facilidades de pago, y suspender la imposici\u00f3n de intereses moratorios y sanciones por falta de pago\u201d<\/strong>.<\/p>\n<p>La ordenanza 4.555 hab\u00eda sido promovida por las bancadas opositoras, incluyendo los pedidos de la agrupaci\u00f3n Comerciantes Unidos, y preve\u00eda que la aplicaci\u00f3n de esas disposiciones iba a sostenerse hasta el 31 de diciembre en el marco de la crisis econ\u00f3mica y de la emergencia sanitaria. En la sesi\u00f3n del 10 de septiembre, fue votada por todos los bloques, excepto por Juntos por el Cambio.<\/p>\n","protected":false},"excerpt":{"rendered":"<p>El decreto se conoci\u00f3 este lunes. Galli consider\u00f3 que la ordenanza \u201cresulta un avance manifiesto sobre las atribuciones\u201d del Ejecutivo.<\/p>\n","protected":false},"author":4,"featured_media":2326,"comment_status":"closed","ping_status":"closed","sticky":false,"template":"","format":"standard","meta":{"_jetpack_memberships_contains_paid_content":false,"footnotes":""},"categories":[4,1],"tags":[],"class_list":["post-2670","post","type-post","status-publish","format-standard","has-post-thumbnail","hentry","category-politica","category-portada"],"jetpack_featured_media_url":"https:\/\/i0.wp.com\/cdnoticias.com\/wp-content\/uploads\/2020\/09\/WhatsApp-Image-2020-09-24-at-09.14.20.jpg?fit=974%2C660&ssl=1","jetpack_sharing_enabled":true,"_links":{"self":[{"href":"https:\/\/cdnoticias.com\/index.php\/wp-json\/wp\/v2\/posts\/2670","targetHints":{"allow":["GET"]}}],"collection":[{"href":"https:\/\/cdnoticias.com\/index.php\/wp-json\/wp\/v2\/posts"}],"about":[{"href":"https:\/\/cdnoticias.com\/index.php\/wp-json\/wp\/v2\/types\/post"}],"author":[{"embeddable":true,"href":"https:\/\/cdnoticias.com\/index.php\/wp-json\/wp\/v2\/users\/4"}],"replies":[{"embeddable":true,"href":"https:\/\/cdnoticias.com\/index.php\/wp-json\/wp\/v2\/comments?post=2670"}],"version-history":[{"count":0,"href":"https:\/\/cdnoticias.com\/index.php\/wp-json\/wp\/v2\/posts\/2670\/revisions"}],"wp:featuredmedia":[{"embeddable":true,"href":"https:\/\/cdnoticias.com\/index.php\/wp-json\/wp\/v2\/media\/2326"}],"wp:attachment":[{"href":"https:\/\/cdnoticias.com\/index.php\/wp-json\/wp\/v2\/media?parent=2670"}],"wp:term":[{"taxonomy":"category","embeddable":true,"href":"https:\/\/cdnoticias.com\/index.php\/wp-json\/wp\/v2\/categories?post=2670"},{"taxonomy":"post_tag","embeddable":true,"href":"https:\/\/cdnoticias.com\/index.php\/wp-json\/wp\/v2\/tags?post=2670"}],"curies":[{"name":"wp","href":"https:\/\/api.w.org\/{rel}","templated":true}]}}