{"id":26699,"date":"2021-07-15T12:38:12","date_gmt":"2021-07-15T15:38:12","guid":{"rendered":"http:\/\/www.centraldenoticias.com.ar\/?p=26699"},"modified":"2021-07-15T13:20:48","modified_gmt":"2021-07-15T16:20:48","slug":"el-acceso-a-hinojo-en-licitacion-y-a-sierras-bayas-en-proyecto","status":"publish","type":"post","link":"https:\/\/cdnoticias.com\/index.php\/2021\/07\/15\/el-acceso-a-hinojo-en-licitacion-y-a-sierras-bayas-en-proyecto\/","title":{"rendered":"El acceso a Hinojo, en licitaci\u00f3n y a Sierras Bayas, en proyecto"},"content":{"rendered":"<p>Ambas obras fueron adelantadas por el ministro de Obras P\u00fablicas Gabriel Katopodis este jueves. \u00bfQu\u00e9 pasar\u00e1 con la ruta 3?<!--more--><\/p>\n<hr \/>\n<p><strong>El ministro de Obras P\u00fablicas de la Naci\u00f3n, Gabriel Katopodis, recibi\u00f3 este jueves a medios de Olavarr\u00eda en su despacho en Capital Federal<\/strong>. Estuvo acompa\u00f1ado por el <strong>dirigente local del Frente de Todos, Federico Aguilera<\/strong>, subsecretario de Miner\u00eda de la provincia de Buenos Aires.<\/p>\n<p>&nbsp;<\/p>\n<p>En ese marco, <a href=\"https:\/\/cdnoticias.com\/index.php\/2021\/07\/15\/obras-en-la-ruta-226-se-construira-una-rotonda-en-el-acceso-a-hinojo\/\" target=\"_blank\" rel=\"noopener\">adelant\u00f3 la licitaci\u00f3n de la construcci\u00f3n de una rotonda en el acceso a Hinojo de la ruta 226<\/a> con una inversi\u00f3n de 156,9 millones de pesos y que <strong>permanece en proyecto una obra similar en el acceso a Sierras Bayas<\/strong>. \u00bfQu\u00e9 pasar\u00e1 con la ruta 3?<\/p>\n<p>&nbsp;<\/p>\n<p>En una conferencia de la que particip\u00f3 <strong>Central de Noticias<\/strong>, el ministro habl\u00f3 de las obras, las inversiones de su ministerio y de su impacto econ\u00f3mico.<\/p>\n<p>&nbsp;<\/p>\n<p><img data-recalc-dims=\"1\" loading=\"lazy\" decoding=\"async\" class=\"size-full wp-image-26680 aligncenter\" src=\"https:\/\/i0.wp.com\/cdnoticias.com\/wp-content\/uploads\/2021\/07\/aguilera-katopodis-ruta-3-01.jpg?resize=800%2C445&#038;ssl=1\" alt=\"\" width=\"800\" height=\"445\" srcset=\"https:\/\/i0.wp.com\/cdnoticias.com\/wp-content\/uploads\/2021\/07\/aguilera-katopodis-ruta-3-01.jpg?w=964&amp;ssl=1 964w, https:\/\/i0.wp.com\/cdnoticias.com\/wp-content\/uploads\/2021\/07\/aguilera-katopodis-ruta-3-01.jpg?resize=300%2C167&amp;ssl=1 300w, https:\/\/i0.wp.com\/cdnoticias.com\/wp-content\/uploads\/2021\/07\/aguilera-katopodis-ruta-3-01.jpg?resize=768%2C427&amp;ssl=1 768w, https:\/\/i0.wp.com\/cdnoticias.com\/wp-content\/uploads\/2021\/07\/aguilera-katopodis-ruta-3-01.jpg?resize=800%2C445&amp;ssl=1 800w\" sizes=\"auto, (max-width: 800px) 100vw, 800px\" \/><\/p>\n<p>&nbsp;<\/p>\n<p><strong>Obras<\/strong><\/p>\n<p>&nbsp;<\/p>\n<p>El ministro se\u00f1al\u00f3 que las obras anunciadas se enmarcan en el <strong>Plan Argentina Hace<\/strong> \u201cpor el cual en Olavarr\u00eda y en todos los municipios venimos haciendo obra p\u00fablica de cercan\u00eda, que tiene que ver con la vida cotidiana de los barrios y las distintas localidades: pavimento, cord\u00f3n cuneta, agua, cloaca. En ese marco <strong>estamos haciendo ya proyectos con m\u00e1s de 115 millones de pesos<\/strong>\u201d enfatiz\u00f3 sobre la inversi\u00f3n local.<\/p>\n<p>&nbsp;<\/p>\n<blockquote><p>\u201cLos dirigentes del Frente de Todos en Olavarr\u00eda, Federico y todos los compa\u00f1eros, nos vienen planteando varias prioridades de lo que necesita Olavarr\u00eda. Por supuesto que eso va a ser parte de la agenda para seguir trabajando con el Municipio y poder consensuar qu\u00e9 proyectos vamos a poner en marcha en los pr\u00f3ximos meses\u201d agreg\u00f3 Katopodis.<\/p><\/blockquote>\n<p>&nbsp;<\/p>\n<p><strong>Ruta 226<\/strong><\/p>\n<p>&nbsp;<\/p>\n<p>\u201cQuiero ser muy cuidadoso\u201d defini\u00f3 el titular de la cartera de Obras P\u00fablicas a la hora de referirse a las obras proyectadas y de amplia demanda en nuestra regi\u00f3n.<\/p>\n<p>&nbsp;<\/p>\n<p>Aclar\u00f3 que <strong>\u201csabemos que hacen falta obras para terminar de completar el corredor de la ruta 3 que es muy importante para Olavarr\u00eda y toda la regi\u00f3n\u201d<\/strong>. Apunt\u00f3 contra la gesti\u00f3n macrista al se\u00f1alar que<em> \u201cestas obras estaban en el marco de un plan de PPP que fracas\u00f3, fue un verdadero enga\u00f1o para todos, porque nunca existi\u00f3 la obra, porque se hicieron anuncios que nunca se cumplieron y porque en definitiva no se hizo ni un solo kil\u00f3metro de autov\u00eda\u201d<\/em>.<\/p>\n<p>&nbsp;<\/p>\n<p><img data-recalc-dims=\"1\" loading=\"lazy\" decoding=\"async\" class=\"size-large wp-image-26689 aligncenter\" src=\"https:\/\/i0.wp.com\/cdnoticias.com\/wp-content\/uploads\/2021\/07\/aguilera-katopodis-conf-05.jpg?resize=800%2C513&#038;ssl=1\" alt=\"\" width=\"800\" height=\"513\" srcset=\"https:\/\/i0.wp.com\/cdnoticias.com\/wp-content\/uploads\/2021\/07\/aguilera-katopodis-conf-05.jpg?w=1024&amp;ssl=1 1024w, https:\/\/i0.wp.com\/cdnoticias.com\/wp-content\/uploads\/2021\/07\/aguilera-katopodis-conf-05.jpg?resize=300%2C192&amp;ssl=1 300w, https:\/\/i0.wp.com\/cdnoticias.com\/wp-content\/uploads\/2021\/07\/aguilera-katopodis-conf-05.jpg?resize=768%2C493&amp;ssl=1 768w\" sizes=\"auto, (max-width: 800px) 100vw, 800px\" \/><\/p>\n<p>&nbsp;<\/p>\n<p>&nbsp;<\/p>\n<p>Para contrastar sostuvo que \u201cqueremos ser muy serios: <strong>tenemos previsto poder encarar en alg\u00fan momento y anunciar cuando sea oportuno las obras de las que eran las ex PPP sobre ruta 3<\/strong> que van a permitir hacer esa autov\u00eda que necesitamos\u201d.<\/p>\n<p>&nbsp;<\/p>\n<blockquote><p>Katopodis indic\u00f3 que \u201cmientras tanto hay necesidades concretas e inmediatas\u201d para referirse a \u201clas obras vinculadas a distintos accesos de la ruta 226\u201d. As\u00ed inform\u00f3 que \u201cest\u00e1n para licitar los accesos\u201d a Hinojo y Sierras Bayas.<\/p><\/blockquote>\n<p>&nbsp;<\/p>\n<p>El funcionario nacional tuvo en cuenta adem\u00e1s el impacto econ\u00f3mico de la actividad que impulsa su cartera, especialmente para nuestro distrito: \u201ccon ocho meses consecutivos de recuperaci\u00f3n y reactivaci\u00f3n, que en el caso de <strong>Olavarr\u00eda y la regi\u00f3n tiene un impacto muy concreto que ustedes lo ven en las canteras, en las cementeras y empresas que desarrollan y producen los insumos del sector de la construcci\u00f3n<\/strong>, tanto privada como p\u00fablica\u201d.<\/p>\n","protected":false},"excerpt":{"rendered":"<p>Ambas obras fueron adelantadas por el ministro de Obras P\u00fablicas Gabriel Katopodis este jueves. \u00bfQu\u00e9 pasar\u00e1 con la ruta 3?<\/p>\n","protected":false},"author":4,"featured_media":26682,"comment_status":"closed","ping_status":"closed","sticky":false,"template":"","format":"standard","meta":{"_jetpack_memberships_contains_paid_content":false,"footnotes":""},"categories":[5,1],"tags":[],"class_list":["post-26699","post","type-post","status-publish","format-standard","has-post-thumbnail","hentry","category-informacion-general","category-portada"],"jetpack_featured_media_url":"https:\/\/i0.wp.com\/cdnoticias.com\/wp-content\/uploads\/2021\/07\/aguilera-katopodis-conf-02.jpg?fit=1551%2C1044&ssl=1","jetpack_sharing_enabled":true,"_links":{"self":[{"href":"https:\/\/cdnoticias.com\/index.php\/wp-json\/wp\/v2\/posts\/26699","targetHints":{"allow":["GET"]}}],"collection":[{"href":"https:\/\/cdnoticias.com\/index.php\/wp-json\/wp\/v2\/posts"}],"about":[{"href":"https:\/\/cdnoticias.com\/index.php\/wp-json\/wp\/v2\/types\/post"}],"author":[{"embeddable":true,"href":"https:\/\/cdnoticias.com\/index.php\/wp-json\/wp\/v2\/users\/4"}],"replies":[{"embeddable":true,"href":"https:\/\/cdnoticias.com\/index.php\/wp-json\/wp\/v2\/comments?post=26699"}],"version-history":[{"count":0,"href":"https:\/\/cdnoticias.com\/index.php\/wp-json\/wp\/v2\/posts\/26699\/revisions"}],"wp:featuredmedia":[{"embeddable":true,"href":"https:\/\/cdnoticias.com\/index.php\/wp-json\/wp\/v2\/media\/26682"}],"wp:attachment":[{"href":"https:\/\/cdnoticias.com\/index.php\/wp-json\/wp\/v2\/media?parent=26699"}],"wp:term":[{"taxonomy":"category","embeddable":true,"href":"https:\/\/cdnoticias.com\/index.php\/wp-json\/wp\/v2\/categories?post=26699"},{"taxonomy":"post_tag","embeddable":true,"href":"https:\/\/cdnoticias.com\/index.php\/wp-json\/wp\/v2\/tags?post=26699"}],"curies":[{"name":"wp","href":"https:\/\/api.w.org\/{rel}","templated":true}]}}