{"id":26691,"date":"2021-07-15T11:42:42","date_gmt":"2021-07-15T14:42:42","guid":{"rendered":"http:\/\/www.centraldenoticias.com.ar\/?p=26691"},"modified":"2021-07-15T11:59:41","modified_gmt":"2021-07-15T14:59:41","slug":"la-defensoria-del-pueblo-sumo-a-su-logo-los-colores-de-la-diversidad","status":"publish","type":"post","link":"https:\/\/cdnoticias.com\/index.php\/2021\/07\/15\/la-defensoria-del-pueblo-sumo-a-su-logo-los-colores-de-la-diversidad\/","title":{"rendered":"La Defensor\u00eda del Pueblo sum\u00f3 a su logo los colores de la diversidad"},"content":{"rendered":"<p>El organismo celebra as\u00ed los 11 a\u00f1os de la Ley de Matrimonio Igualitario y muestra su apoyo a la lucha por los derechos del colectivo LGBTIQ+.<!--more--><\/p>\n<hr \/>\n<p><strong>Con motivo de cumplirse 11 a\u00f1os de la sanci\u00f3n de la Ley de Matrimonio Igualitario en Argentina, la Defensor\u00eda del Pueblo bonaerense cambi\u00f3 su logo para incorporar los colores de la bandera LGBTIQ+<\/strong> como muestra del acompa\u00f1amiento a este colectivo en la lucha por sus derechos.<\/p>\n<p>&nbsp;<\/p>\n<blockquote><p>\u201cSe trata de una decisi\u00f3n que muestra el compromiso del organismo en la lucha por los derechos de estas personas, al realizar proyectos, promover espacios de capacitaci\u00f3n, talleres, debates y acciones para erradicar todo tipo de violencias hacia las mujeres y otros grupos en raz\u00f3n de su identidad de g\u00e9nero y orientaci\u00f3n sexual\u201d, sostuvo el Defensor del Pueblo, Guido Lorenzino.<\/p><\/blockquote>\n<p>&nbsp;<\/p>\n<p>En el marco de esta fecha, la Defensor\u00eda presentar\u00e1 su nuevo logo en un <strong>encuentro virtual llamado \u201cLo que antes fue verg\u00fcenza hoy es orgullo\u201d<\/strong>, que re\u00fane a personalidades que participaron del proceso de creaci\u00f3n y sanci\u00f3n de esta ley, adem\u00e1s de protagonistas en la lucha por los derechos humanos y de la poblaci\u00f3n LGBTIQ+ en Argentina.<\/p>\n<p>&nbsp;<\/p>\n<p>Entre otras, participar\u00e1n <em>la titular del Instituto contra la Discriminaci\u00f3n de la Defensor\u00eda del Pueblo porte\u00f1a, Mar\u00eda Rachid; Norma Castillo, del primer matrimonio igualitario por ley; la directora del Banco Provincia, Juliana Di Tullio; y la diputada provincial D\u00e9bora Gal\u00e1n<\/em>.<\/p>\n<p>&nbsp;<\/p>\n<p><strong>\u00bfPor qu\u00e9 estos colores?<\/strong><\/p>\n<p>&nbsp;<\/p>\n<p>\u201cSumar los colores de la bandera LGBTIQ+ a nuestro logo es parte de una<strong> reivindicaci\u00f3n hist\u00f3rica<\/strong> para que las personas que pertenecen a este colectivo sepan que cuentan con la Defensor\u00eda para <strong>encontrar apoyo en esta lucha para ganar y respetar sus derechos<\/strong>\u201d, sostuvo Lorenzino.<\/p>\n<p>&nbsp;<\/p>\n<p>La bandera, creada por el activista Gilbert Baker, fue usada por primera vez en el Festival del Orgullo Gay de San Francisco de 1978, en Estados Unidos, por un encargo especial del primer pol\u00edtico abiertamente homosexual de ese pa\u00eds, Harvey Milk.<\/p>\n<p>&nbsp;<\/p>\n<p>Ya convertida en una de las principales insignias del colectivo, la bandera tiene seis colores, cada uno de los cuales cuenta con una simbolog\u00eda particular: el rosa representa la sexualidad; el rojo, la vida; el naranja, la salud; el amarillo, el sol; el verde, la naturaleza; el turquesa, la magia y el arte; el azul, la armon\u00eda y la serenidad; y el violeta, el esp\u00edritu.<\/p>\n","protected":false},"excerpt":{"rendered":"<p>El organismo celebra as\u00ed los 11 a\u00f1os de la Ley de Matrimonio Igualitario y muestra su apoyo a la lucha<\/p>\n","protected":false},"author":4,"featured_media":26692,"comment_status":"closed","ping_status":"closed","sticky":false,"template":"","format":"standard","meta":{"_jetpack_memberships_contains_paid_content":false,"footnotes":""},"categories":[3],"tags":[],"class_list":["post-26691","post","type-post","status-publish","format-standard","has-post-thumbnail","hentry","category-genero"],"jetpack_featured_media_url":"https:\/\/i0.wp.com\/cdnoticias.com\/wp-content\/uploads\/2021\/07\/defensoria-logo-nuevo-defensoria.jpg?fit=477%2C390&ssl=1","jetpack_sharing_enabled":true,"_links":{"self":[{"href":"https:\/\/cdnoticias.com\/index.php\/wp-json\/wp\/v2\/posts\/26691","targetHints":{"allow":["GET"]}}],"collection":[{"href":"https:\/\/cdnoticias.com\/index.php\/wp-json\/wp\/v2\/posts"}],"about":[{"href":"https:\/\/cdnoticias.com\/index.php\/wp-json\/wp\/v2\/types\/post"}],"author":[{"embeddable":true,"href":"https:\/\/cdnoticias.com\/index.php\/wp-json\/wp\/v2\/users\/4"}],"replies":[{"embeddable":true,"href":"https:\/\/cdnoticias.com\/index.php\/wp-json\/wp\/v2\/comments?post=26691"}],"version-history":[{"count":0,"href":"https:\/\/cdnoticias.com\/index.php\/wp-json\/wp\/v2\/posts\/26691\/revisions"}],"wp:featuredmedia":[{"embeddable":true,"href":"https:\/\/cdnoticias.com\/index.php\/wp-json\/wp\/v2\/media\/26692"}],"wp:attachment":[{"href":"https:\/\/cdnoticias.com\/index.php\/wp-json\/wp\/v2\/media?parent=26691"}],"wp:term":[{"taxonomy":"category","embeddable":true,"href":"https:\/\/cdnoticias.com\/index.php\/wp-json\/wp\/v2\/categories?post=26691"},{"taxonomy":"post_tag","embeddable":true,"href":"https:\/\/cdnoticias.com\/index.php\/wp-json\/wp\/v2\/tags?post=26691"}],"curies":[{"name":"wp","href":"https:\/\/api.w.org\/{rel}","templated":true}]}}