{"id":26686,"date":"2021-07-15T10:41:34","date_gmt":"2021-07-15T13:41:34","guid":{"rendered":"http:\/\/www.centraldenoticias.com.ar\/?p=26686"},"modified":"2021-07-15T10:41:34","modified_gmt":"2021-07-15T13:41:34","slug":"el-area-de-discapacidad-y-personas-mayores-atendera-en-nueva-sede","status":"publish","type":"post","link":"https:\/\/cdnoticias.com\/index.php\/2021\/07\/15\/el-area-de-discapacidad-y-personas-mayores-atendera-en-nueva-sede\/","title":{"rendered":"El \u00e1rea de Discapacidad y Personas Mayores atender\u00e1 en nueva sede"},"content":{"rendered":"<p>Desde este viernes se trasladar\u00e1 a la Casa del Bicentenario y tambi\u00e9n tiene nuevo tel\u00e9fono. El cambio es provisorio, mientras se hacen reformas edilicias en la oficina actual.<!--more--><\/p>\n<hr \/>\n<p>El Municipio de Olavarr\u00eda, a trav\u00e9s del<strong> programa de Promoci\u00f3n de Derechos para Personas con Discapacidad y Personas Mayores, inform\u00f3 que a partir de este viernes y hasta nuevo aviso trasladar\u00e1n sus oficinas a instalaciones de Casa del Bicentenario<\/strong>, ya que su sede se encuentra en proceso de reformas edilicias.<\/p>\n<p>&nbsp;<\/p>\n<blockquote><p>La atenci\u00f3n ser\u00e1 de lunes a viernes de 8 a 13 horas, en Bol\u00edvar y Cerrito. El nuevo tel\u00e9fono provisorio para consultas e inquietudes es: 418454.<\/p><\/blockquote>\n<p>&nbsp;<\/p>\n<p>\u201cEstas reformas edilicias est\u00e1n pensadas para <strong>mejorar las condiciones de nuestra sede para mejorar el servicio<\/strong>, y que sea m\u00e1s accesible para las personas que recibimos, y para nuestro personal\u201d.<\/p>\n<p>&nbsp;<\/p>\n<p>\u201cLo importante es destacar que <strong>la atenci\u00f3n no se suspende en ning\u00fan momento, ya que coordinamos la mudanza a Casa del Bicentenario<\/strong>, as\u00ed que agradecemos al \u00e1rea de Cultura y Educaci\u00f3n de nuestro Municipio por brindarnos su apoyo, y sus instalaciones en este contexto\u201d, manifest\u00f3 la referente del Programa, Romina Sponer.<\/p>\n","protected":false},"excerpt":{"rendered":"<p>Desde este viernes se trasladar\u00e1 a la Casa del Bicentenario y tambi\u00e9n tiene nuevo tel\u00e9fono. El cambio es provisorio, mientras<\/p>\n","protected":false},"author":4,"featured_media":26687,"comment_status":"closed","ping_status":"closed","sticky":false,"template":"","format":"standard","meta":{"_jetpack_memberships_contains_paid_content":false,"footnotes":""},"categories":[5,1],"tags":[],"class_list":["post-26686","post","type-post","status-publish","format-standard","has-post-thumbnail","hentry","category-informacion-general","category-portada"],"jetpack_featured_media_url":"https:\/\/i0.wp.com\/cdnoticias.com\/wp-content\/uploads\/2021\/07\/Casa-Bicentenario-1024x683.jpg?fit=1024%2C683&ssl=1","jetpack_sharing_enabled":true,"_links":{"self":[{"href":"https:\/\/cdnoticias.com\/index.php\/wp-json\/wp\/v2\/posts\/26686","targetHints":{"allow":["GET"]}}],"collection":[{"href":"https:\/\/cdnoticias.com\/index.php\/wp-json\/wp\/v2\/posts"}],"about":[{"href":"https:\/\/cdnoticias.com\/index.php\/wp-json\/wp\/v2\/types\/post"}],"author":[{"embeddable":true,"href":"https:\/\/cdnoticias.com\/index.php\/wp-json\/wp\/v2\/users\/4"}],"replies":[{"embeddable":true,"href":"https:\/\/cdnoticias.com\/index.php\/wp-json\/wp\/v2\/comments?post=26686"}],"version-history":[{"count":0,"href":"https:\/\/cdnoticias.com\/index.php\/wp-json\/wp\/v2\/posts\/26686\/revisions"}],"wp:featuredmedia":[{"embeddable":true,"href":"https:\/\/cdnoticias.com\/index.php\/wp-json\/wp\/v2\/media\/26687"}],"wp:attachment":[{"href":"https:\/\/cdnoticias.com\/index.php\/wp-json\/wp\/v2\/media?parent=26686"}],"wp:term":[{"taxonomy":"category","embeddable":true,"href":"https:\/\/cdnoticias.com\/index.php\/wp-json\/wp\/v2\/categories?post=26686"},{"taxonomy":"post_tag","embeddable":true,"href":"https:\/\/cdnoticias.com\/index.php\/wp-json\/wp\/v2\/tags?post=26686"}],"curies":[{"name":"wp","href":"https:\/\/api.w.org\/{rel}","templated":true}]}}