{"id":2668,"date":"2020-09-28T15:49:57","date_gmt":"2020-09-28T18:49:57","guid":{"rendered":"http:\/\/www.centraldenoticias.com.ar\/?p=2668"},"modified":"2020-09-28T15:49:57","modified_gmt":"2020-09-28T18:49:57","slug":"coronavirus-el-interior-llego-al-24-del-total-de-casos-de-la-provincia","status":"publish","type":"post","link":"https:\/\/cdnoticias.com\/index.php\/2020\/09\/28\/coronavirus-el-interior-llego-al-24-del-total-de-casos-de-la-provincia\/","title":{"rendered":"Coronavirus: el interior lleg\u00f3 al 24% del total de casos de la Provincia"},"content":{"rendered":"<p>Se trata de las cifras que mostraron este lunes las autoridades sanitarias y que representan un incremento respecto de la semana anterior. La cantidad de casos \u201cen el interior de la Provincia viene creciendo pero sigue siendo menor\u201d dijeron.<!--more--><\/p>\n<hr \/>\n<p>En la <a href=\"https:\/\/cdnoticias.com\/index.php\/2020\/09\/28\/oficial-olavarria-continuara-en-fase-4\/\">conferencia que brindaron las autoridades bonaerenses<\/a> este lunes tambi\u00e9n actualizaron la situaci\u00f3n sanitaria de la provincia de Buenos Aires en el marco de la pandemia. La Subsecretaria de Gesti\u00f3n de la Informaci\u00f3n, Educaci\u00f3n Permanente y fiscalizaci\u00f3n, Leticia Ceriani y el viceministro de Salud, Nicol\u00e1s Kreplak, expusieron distintos detalles.<\/p>\n<p>&nbsp;<\/p>\n<p>La Provincia cuenta con 401.862 casos confirmados de coronavirus, 329.667 personas recuperadas y 12.668 fallecidos. El domingo se registraron 2.947 nuevos casos. \u201cLa mayor parte de los casos son de transmisi\u00f3n comunitaria en la Provincia\u201d indic\u00f3 Ceriani.<\/p>\n<p>&nbsp;<\/p>\n<p><img data-recalc-dims=\"1\" loading=\"lazy\" decoding=\"async\" class=\"aligncenter wp-image-2679\" src=\"https:\/\/i0.wp.com\/cdnoticias.com\/wp-content\/uploads\/2020\/09\/confe-incidencia.jpg?resize=500%2C282&#038;ssl=1\" alt=\"\" width=\"500\" height=\"282\" srcset=\"https:\/\/i0.wp.com\/cdnoticias.com\/wp-content\/uploads\/2020\/09\/confe-incidencia.jpg?resize=300%2C169&amp;ssl=1 300w, https:\/\/i0.wp.com\/cdnoticias.com\/wp-content\/uploads\/2020\/09\/confe-incidencia.jpg?w=685&amp;ssl=1 685w\" sizes=\"auto, (max-width: 500px) 100vw, 500px\" \/><\/p>\n<p>&nbsp;<\/p>\n<p>En el detalle sobre la incidencia, la cantidad de casos registrada cada 100.000 habitantes, se indic\u00f3 que \u201cen el interior de la Provincia viene creciendo pero sigue siendo menor\u201d. En ese sentido, se detall\u00f3 m\u00e1s adelante que creci\u00f3 a 24% la proporci\u00f3n de casos detectada en los distritos del llamado \u201cinterior\u201d con respecto a los confirmados en el conurbano.<\/p>\n<p>En cuanto a la evoluci\u00f3n de los casos en el promedio general, la subsecretaria manifest\u00f3 que \u201ca partir de fines de agosto y principios de septiembre, se empez\u00f3 a dar cierta estabilidad en el n\u00famero de casos y en paralelo desde mediados de agosto comenzaron a crecer los casos en el interior de la provincia\u201d.<\/p>\n<p><img data-recalc-dims=\"1\" loading=\"lazy\" decoding=\"async\" class=\"aligncenter wp-image-2680\" src=\"https:\/\/i0.wp.com\/cdnoticias.com\/wp-content\/uploads\/2020\/09\/confe-casos-interior.jpg?resize=500%2C281&#038;ssl=1\" alt=\"\" width=\"500\" height=\"281\" srcset=\"https:\/\/i0.wp.com\/cdnoticias.com\/wp-content\/uploads\/2020\/09\/confe-casos-interior.jpg?resize=300%2C169&amp;ssl=1 300w, https:\/\/i0.wp.com\/cdnoticias.com\/wp-content\/uploads\/2020\/09\/confe-casos-interior.jpg?w=672&amp;ssl=1 672w\" sizes=\"auto, (max-width: 500px) 100vw, 500px\" \/><\/p>\n<p>&nbsp;<\/p>\n<p>Estas observaciones fueron corroboradas por el ritmo de contagios y los tiempos de duplicaci\u00f3n de casos. \u201cEstamos hoy en que 76% de los casos corresponden a la zona metropolitana y 24% al interior de la provincia. Es otra manera de contar que se ha invertido la velocidad de los contagios, que se est\u00e1n produciendo m\u00e1s brotes en el interior de la provincia y que se ha logrado cierta estabilidad en el AMBA\u201d agreg\u00f3 Ceriani.<\/p>\n<p>&nbsp;<\/p>\n<p>En cuanto al \u00edndice de mortalidad (muertes cada mill\u00f3n de habitantes), se inform\u00f3 que ronda 852% en el AMBA y 296 en el interior de la provincia.<\/p>\n<p>&nbsp;<\/p>\n<p>Tambi\u00e9n se brindaron datos respecto de la ocupaci\u00f3n de camas. \u201cDe todas las camas de Terapia Intensiva la provincia de Buenos Aires, el total es 6.253, de ellas 3.181 est\u00e1n ocupadas. La ocupaci\u00f3n es de 50,87%\u201d.<\/p>\n<p>&nbsp;<\/p>\n<p><img data-recalc-dims=\"1\" loading=\"lazy\" decoding=\"async\" class=\"aligncenter wp-image-2681\" src=\"https:\/\/i0.wp.com\/cdnoticias.com\/wp-content\/uploads\/2020\/09\/confe-camas.jpg?resize=500%2C277&#038;ssl=1\" alt=\"\" width=\"500\" height=\"277\" srcset=\"https:\/\/i0.wp.com\/cdnoticias.com\/wp-content\/uploads\/2020\/09\/confe-camas.jpg?resize=300%2C166&amp;ssl=1 300w, https:\/\/i0.wp.com\/cdnoticias.com\/wp-content\/uploads\/2020\/09\/confe-camas.jpg?w=683&amp;ssl=1 683w\" sizes=\"auto, (max-width: 500px) 100vw, 500px\" \/><\/p>\n<p>&nbsp;<\/p>\n<p>El viceministro Kreplak, a su turno, se expres\u00f3 sobre la afectaci\u00f3n de los trabajadores de la salud por la pandemia. \u201cTenemos 111 trabajadores de salud en la provincia de Buenos Aires que han fallecido\u201d dijo y m\u00e1s adelante se\u00f1al\u00f3 que los contagiados hasta el momento representan 5,5% de los trabajadores del sector en el \u00e1mbito bonaerense.<\/p>\n<p>&nbsp;<\/p>\n<p>En referencia a los fallecidos, Kreplak agreg\u00f3 \u201cqueremos remarcarlo porque hay que recordarlos y saludar a sus compa\u00f1eros de trabajo. Tambi\u00e9n, para los trabajadores de salud, tengo la convicci\u00f3n de que estamos haciendo todo lo necesario para cuidarlos\u201d.<\/p>\n","protected":false},"excerpt":{"rendered":"<p>Se trata de las cifras que mostraron este lunes las autoridades sanitarias y que representan un incremento respecto de la<\/p>\n","protected":false},"author":4,"featured_media":2678,"comment_status":"closed","ping_status":"closed","sticky":false,"template":"","format":"standard","meta":{"_jetpack_memberships_contains_paid_content":false,"footnotes":""},"categories":[5,1],"tags":[],"class_list":["post-2668","post","type-post","status-publish","format-standard","has-post-thumbnail","hentry","category-informacion-general","category-portada"],"jetpack_featured_media_url":"https:\/\/i0.wp.com\/cdnoticias.com\/wp-content\/uploads\/2020\/09\/2020_09_28_-Situacion_epidemiologica-11.jpg?fit=4256%2C2832&ssl=1","jetpack_sharing_enabled":true,"_links":{"self":[{"href":"https:\/\/cdnoticias.com\/index.php\/wp-json\/wp\/v2\/posts\/2668","targetHints":{"allow":["GET"]}}],"collection":[{"href":"https:\/\/cdnoticias.com\/index.php\/wp-json\/wp\/v2\/posts"}],"about":[{"href":"https:\/\/cdnoticias.com\/index.php\/wp-json\/wp\/v2\/types\/post"}],"author":[{"embeddable":true,"href":"https:\/\/cdnoticias.com\/index.php\/wp-json\/wp\/v2\/users\/4"}],"replies":[{"embeddable":true,"href":"https:\/\/cdnoticias.com\/index.php\/wp-json\/wp\/v2\/comments?post=2668"}],"version-history":[{"count":0,"href":"https:\/\/cdnoticias.com\/index.php\/wp-json\/wp\/v2\/posts\/2668\/revisions"}],"wp:featuredmedia":[{"embeddable":true,"href":"https:\/\/cdnoticias.com\/index.php\/wp-json\/wp\/v2\/media\/2678"}],"wp:attachment":[{"href":"https:\/\/cdnoticias.com\/index.php\/wp-json\/wp\/v2\/media?parent=2668"}],"wp:term":[{"taxonomy":"category","embeddable":true,"href":"https:\/\/cdnoticias.com\/index.php\/wp-json\/wp\/v2\/categories?post=2668"},{"taxonomy":"post_tag","embeddable":true,"href":"https:\/\/cdnoticias.com\/index.php\/wp-json\/wp\/v2\/tags?post=2668"}],"curies":[{"name":"wp","href":"https:\/\/api.w.org\/{rel}","templated":true}]}}