{"id":26679,"date":"2022-11-13T01:07:25","date_gmt":"2022-11-13T04:07:25","guid":{"rendered":"http:\/\/centraldeportes.com.ar\/?p=26679"},"modified":"2025-02-02T21:00:09","modified_gmt":"2025-02-03T00:00:09","slug":"estudiantes-gano-goleo-y-logro-la-clasificacion","status":"publish","type":"post","link":"https:\/\/cdnoticias.com\/index.php\/2022\/11\/13\/estudiantes-gano-goleo-y-logro-la-clasificacion\/","title":{"rendered":"Estudiantes gan\u00f3, gole\u00f3 y logr\u00f3 la clasificaci\u00f3n"},"content":{"rendered":"<p>En el Emilio Puente de la ciudad de Azul, el \u201cBata\u201d, de gran primer tiempo, \u00a0derrot\u00f3 5 a 0 a River Plate por la 5\u00b0 fecha del Torneo Regional Amateur y se asegur\u00f3 un lugar en la Segunda Ronda a falta de una fecha.<!--more--><\/p>\n<hr \/>\n<p>Tras el descanso del fin de semana pasado en el inicio de las revanchas,<strong> Estudiantes se volvi\u00f3 a presentar en el Regional Amateur y visit\u00f3 a River de la ciudad de Azul en la noche de este s\u00e1bado<\/strong> por el duelo correspondiente a la 5\u00b0 fecha de la Zona 7 correspondiente a la Regi\u00f3n Pampeana Sur.<\/p>\n<p>&nbsp;<\/p>\n<p><strong>El \u201cBata\u201d<\/strong> tuvo realmente un buen partido y<strong> logr\u00f3 capitalizar r\u00e1pido en el primer tiempo<\/strong>, <strong>para luego sentenciar en el segundo y golear por 5 a 0 a un deslucido elenco azule\u00f1o<\/strong> que se qued\u00f3 sin chances de clasificaci\u00f3n.<\/p>\n<p>&nbsp;<\/p>\n<p><img data-recalc-dims=\"1\" loading=\"lazy\" decoding=\"async\" class=\"aligncenter size-full wp-image-26681\" src=\"https:\/\/i0.wp.com\/centraldeportes.com.ar\/wp-content\/uploads\/2022\/11\/River-Plate-Azule%C3%B1o-vs-CAE-5%C2%B0-Fecha-TRFA-2022.jpeg?resize=800%2C533\" alt=\"\" width=\"800\" height=\"533\" \/><\/p>\n<p>&nbsp;<\/p>\n<p><strong>Bruno Peralta<\/strong> \u2013 la figura del partido \u2013 <strong>en dos oportunidades<\/strong>, <strong>Facundo P\u00e9rez y un doblete de Gonzalo G\u00f3mez<\/strong>, el primero de penal, <strong>fueron los goleadores de la noche<\/strong> en el elenco conducido por Duilio Botella.<\/p>\n<p>&nbsp;<\/p>\n<p>Con esta victoria conseguida, <strong>el \u201cAlbinegro\u201d se asegur\u00f3 la clasificaci\u00f3n a la Segunda Ronda<\/strong> a falta de una fecha y <strong>es l\u00edder de la Zona 7 con 7 unidades<\/strong>. El pr\u00f3ximo fin de semana, Estudiantes cerrar\u00e1 la fase de grupos frente a Ferrocarril Roca de Las Flores \u2013 el otro clasificado \u2013 en el Parque Carlos Guerrero.<\/p>\n<p>&nbsp;<\/p>\n<p>Fotos:\u00a0<strong>Ignacio<\/strong><strong>\u00a0Correa\/Diario El Tiempo de Azul<\/strong>.<\/p>\n<hr \/>\n<h6><strong>Tabla de Posiciones Zona 7 \u2013 Regi\u00f3n Pampeana Sur<\/strong><\/h6>\n<p>Estudiantes (<strong>7 pts.<\/strong>); Ferrocarril Roca (<strong>4<\/strong>) y River Plate (<strong>3<\/strong>).<\/p>\n<hr \/>\n<p><strong>S\u00edntesis River Plate (Azul) \u2013 Estudiantes: <\/strong><\/p>\n<p><strong>River Plate (0): <\/strong>Hern\u00e1n Barbieri; Nahuel C\u00e1ceres (B. S\u00e1nchez), Ezequiel Brienzo, Iv\u00e1n Correa (I. Mart\u00ednez), Mariano Borda; Agust\u00edn Cos (E. Palavecino), Federico Arenoso (F. Maciel), Marcelo Duarte, Juan M. Ponce (F. Panelo); Franco Vignale y Mariano Escribano. DT: Mat\u00edas Peraf\u00e1n.<\/p>\n<p><strong>Estudiantes (5): <\/strong>Juli\u00e1n Masson; Lautaro Basterrica, Adri\u00e1n Reta (L. Romero), Leandro Castar\u00e9s, Claudio Gim\u00e9nez (G. P\u00e1ez); Bruno Peralta, Mariano Flores (R. Galotti), Bernardo Junger, Facundo P\u00e9rez; Facundo Cortadi (G. Trepichio); Gonzalo G\u00f3mez (E. Seibel). DT: Duilio Botella.<\/p>\n<p><strong>Goles<\/strong>: 10m. PT y 18m. PT Bruno Peralta, 21m. PT Facundo P\u00e9rez, 18m. ST &#8211; p &#8211; y 25m. ST Gonzalo G\u00f3mez (E).<\/p>\n<p><strong>Amonestados<\/strong>: Maciel, Mart\u00ednez, Arenoso y Vignale (River); Basterrica (Estudiantes).<\/p>\n<p><strong>Expulsados<\/strong>: 48m. ST B. S\u00e1nchez (RP).<\/p>\n<p><strong>\u00c1rbitro<\/strong>: Diego Novelli (Tandil). <strong>Estadio<\/strong>: \u201cEmilio S. Puente\u201d (Alumni).<\/p>\n","protected":false},"excerpt":{"rendered":"<p>En el Emilio Puente de la ciudad de Azul, el \u201cBata\u201d, de gran primer tiempo, \u00a0derrot\u00f3 5 a 0 a<\/p>\n","protected":false},"author":96739694,"featured_media":150440,"comment_status":"closed","ping_status":"closed","sticky":false,"template":"","format":"standard","meta":{"_jetpack_memberships_contains_paid_content":false,"footnotes":""},"categories":[35,1,54],"tags":[],"class_list":["post-26679","post","type-post","status-publish","format-standard","has-post-thumbnail","hentry","category-futbol","category-portada","category-torneo-regional-amateur"],"jetpack_featured_media_url":"https:\/\/i0.wp.com\/cdnoticias.com\/wp-content\/uploads\/2022\/11\/River-Plate-de-Azul-CAE-5%C2%B0-fecha-TRFA-e1668312131942.jpeg?fit=1280%2C739&ssl=1","jetpack_sharing_enabled":true,"_links":{"self":[{"href":"https:\/\/cdnoticias.com\/index.php\/wp-json\/wp\/v2\/posts\/26679","targetHints":{"allow":["GET"]}}],"collection":[{"href":"https:\/\/cdnoticias.com\/index.php\/wp-json\/wp\/v2\/posts"}],"about":[{"href":"https:\/\/cdnoticias.com\/index.php\/wp-json\/wp\/v2\/types\/post"}],"author":[{"embeddable":true,"href":"https:\/\/cdnoticias.com\/index.php\/wp-json\/wp\/v2\/users\/96739694"}],"replies":[{"embeddable":true,"href":"https:\/\/cdnoticias.com\/index.php\/wp-json\/wp\/v2\/comments?post=26679"}],"version-history":[{"count":0,"href":"https:\/\/cdnoticias.com\/index.php\/wp-json\/wp\/v2\/posts\/26679\/revisions"}],"wp:featuredmedia":[{"embeddable":true,"href":"https:\/\/cdnoticias.com\/index.php\/wp-json\/wp\/v2\/media\/150440"}],"wp:attachment":[{"href":"https:\/\/cdnoticias.com\/index.php\/wp-json\/wp\/v2\/media?parent=26679"}],"wp:term":[{"taxonomy":"category","embeddable":true,"href":"https:\/\/cdnoticias.com\/index.php\/wp-json\/wp\/v2\/categories?post=26679"},{"taxonomy":"post_tag","embeddable":true,"href":"https:\/\/cdnoticias.com\/index.php\/wp-json\/wp\/v2\/tags?post=26679"}],"curies":[{"name":"wp","href":"https:\/\/api.w.org\/{rel}","templated":true}]}}