{"id":26677,"date":"2021-07-15T09:44:24","date_gmt":"2021-07-15T12:44:24","guid":{"rendered":"http:\/\/www.centraldenoticias.com.ar\/?p=26677"},"modified":"2021-07-15T12:38:34","modified_gmt":"2021-07-15T15:38:34","slug":"obras-en-la-ruta-226-se-construira-una-rotonda-en-el-acceso-a-hinojo","status":"publish","type":"post","link":"https:\/\/cdnoticias.com\/index.php\/2021\/07\/15\/obras-en-la-ruta-226-se-construira-una-rotonda-en-el-acceso-a-hinojo\/","title":{"rendered":"Obras en la ruta 226: se construir\u00e1 una rotonda en el acceso a Hinojo"},"content":{"rendered":"<p>Lo anunciaron este jueves el ministro de Obras P\u00fablicas de la Naci\u00f3n, Gabriel Katopodis, y el subsecretario de Miner\u00eda provincial, Federico Aguilera. Estar\u00e1 terminada en diciembre.<!--more--><\/p>\n<hr \/>\n<p><strong>En la ma\u00f1ana de este jueves, el ministro de Obras P\u00fablicas de la Naci\u00f3n, Gabriel Katopodis, y el subsecretario de Miner\u00eda provincial, Federico Aguilera, encabezan una serie de anuncios sobre obras p\u00fablicas para Olavarr\u00eda<\/strong> y la zona.<\/p>\n<p>&nbsp;<\/p>\n<blockquote><p>En ese marco, se conoci\u00f3 una obra a concretarse en el Corredor Vial Tramo VII: se construir\u00e1 una rotonda en el acceso a Hinojo de la ruta nacional 226, a la altura del kil\u00f3metro 278,3.<\/p><\/blockquote>\n<p>&nbsp;<\/p>\n<p><strong>El proyecto ya est\u00e1 en licitaci\u00f3n y la inversi\u00f3n es de 156,9 millones de pesos<\/strong>.<\/p>\n<p>&nbsp;<\/p>\n<p><img data-recalc-dims=\"1\" loading=\"lazy\" decoding=\"async\" class=\"alignnone size-large wp-image-26679\" src=\"https:\/\/i0.wp.com\/cdnoticias.com\/wp-content\/uploads\/2021\/07\/aguilera-katopodis-ruta-3-02-1024x570.jpg?resize=800%2C445&#038;ssl=1\" alt=\"\" width=\"800\" height=\"445\" \/><\/p>\n<p>&nbsp;<\/p>\n<p>La cartera de Obras P\u00fablicas de la Naci\u00f3n inform\u00f3 que <strong>la fecha estimada de inicio de la obra es principios de septiembre<\/strong> y se prev\u00e9 un plazo de ejecuci\u00f3n de 90 d\u00edas.<\/p>\n<p>&nbsp;<\/p>\n<p>De cumplirse los plazos previstos por la gesti\u00f3n de Katopodis, <strong>para fin de este a\u00f1o la obra estar\u00e1 terminada<\/strong>.<\/p>\n<p>&nbsp;<\/p>\n<p>Adem\u00e1s, el ministro Katopodis inform\u00f3 que <strong>permanece en proyecto la construcci\u00f3n de una rotonda en el acceso a Sierras Bayas<\/strong> por la misma ruta 226.<\/p>\n<p>&nbsp;<\/p>\n<blockquote><p>&#8220;El acceso a Hinojo est\u00e1 ya armado el proyecto pero el de Sierras Bayas est\u00e1 previsto tambi\u00e9n&#8221; aclar\u00f3 a tono con la demanda de los vecinos de la localidad serrana y de los usuarios habituales de ese tramo de la ruta nacional.<\/p><\/blockquote>\n<p>&nbsp;<\/p>\n<p><strong>Central de Noticias<\/strong> participa del encuentro entre los funcionarios nacional y provincial y <strong>en las pr\u00f3ximas horas se brindar\u00e1n m\u00e1s detalles de los anuncios oficiales.<\/strong><\/p>\n","protected":false},"excerpt":{"rendered":"<p>Lo anunciaron este jueves el ministro de Obras P\u00fablicas de la Naci\u00f3n, Gabriel Katopodis, y el subsecretario de Miner\u00eda provincial,<\/p>\n","protected":false},"author":4,"featured_media":26678,"comment_status":"closed","ping_status":"closed","sticky":false,"template":"","format":"standard","meta":{"_jetpack_memberships_contains_paid_content":false,"footnotes":""},"categories":[5,1],"tags":[],"class_list":["post-26677","post","type-post","status-publish","format-standard","has-post-thumbnail","hentry","category-informacion-general","category-portada"],"jetpack_featured_media_url":"https:\/\/i0.wp.com\/cdnoticias.com\/wp-content\/uploads\/2021\/07\/aguilera-katopodis-ruta-3-00.jpg?fit=1152%2C640&ssl=1","jetpack_sharing_enabled":true,"_links":{"self":[{"href":"https:\/\/cdnoticias.com\/index.php\/wp-json\/wp\/v2\/posts\/26677","targetHints":{"allow":["GET"]}}],"collection":[{"href":"https:\/\/cdnoticias.com\/index.php\/wp-json\/wp\/v2\/posts"}],"about":[{"href":"https:\/\/cdnoticias.com\/index.php\/wp-json\/wp\/v2\/types\/post"}],"author":[{"embeddable":true,"href":"https:\/\/cdnoticias.com\/index.php\/wp-json\/wp\/v2\/users\/4"}],"replies":[{"embeddable":true,"href":"https:\/\/cdnoticias.com\/index.php\/wp-json\/wp\/v2\/comments?post=26677"}],"version-history":[{"count":0,"href":"https:\/\/cdnoticias.com\/index.php\/wp-json\/wp\/v2\/posts\/26677\/revisions"}],"wp:featuredmedia":[{"embeddable":true,"href":"https:\/\/cdnoticias.com\/index.php\/wp-json\/wp\/v2\/media\/26678"}],"wp:attachment":[{"href":"https:\/\/cdnoticias.com\/index.php\/wp-json\/wp\/v2\/media?parent=26677"}],"wp:term":[{"taxonomy":"category","embeddable":true,"href":"https:\/\/cdnoticias.com\/index.php\/wp-json\/wp\/v2\/categories?post=26677"},{"taxonomy":"post_tag","embeddable":true,"href":"https:\/\/cdnoticias.com\/index.php\/wp-json\/wp\/v2\/tags?post=26677"}],"curies":[{"name":"wp","href":"https:\/\/api.w.org\/{rel}","templated":true}]}}