{"id":26670,"date":"2021-07-15T09:04:42","date_gmt":"2021-07-15T12:04:42","guid":{"rendered":"http:\/\/www.centraldenoticias.com.ar\/?p=26670"},"modified":"2021-07-15T09:04:42","modified_gmt":"2021-07-15T12:04:42","slug":"sobrino-destaco-la-rapida-intervencion-judicial-para-evitar-que-anabella-saliera-del-pais","status":"publish","type":"post","link":"https:\/\/cdnoticias.com\/index.php\/2021\/07\/15\/sobrino-destaco-la-rapida-intervencion-judicial-para-evitar-que-anabella-saliera-del-pais\/","title":{"rendered":"Sobrino destac\u00f3 la \u201cr\u00e1pida intervenci\u00f3n judicial\u201d para evitar que Anabella saliera del pa\u00eds"},"content":{"rendered":"<p>El fiscal general del Departamento Azul valor\u00f3 la labor de la UFI 16 de Tandil y de la certera respuesta de todos los organismos contactados para dar con la mujer. Se trata del caso en el que se averigua la posibilidad de la actuaci\u00f3n de una red de trata.<!--more--><\/p>\n<hr \/>\n<p><strong>El titular de la Fiscal\u00eda General Departamental Azul, doctor Marcelo Sobrino, destac\u00f3 \u201cel r\u00e1pido accionar\u201d de la Fiscal\u00eda N\u00b0 16 de la localidad de Tandil<\/strong> especialmente la labor del Ayudante Fiscal de Estupefacientes y Trata, Fabio Molinero, quien fue el primer agente judicial en intervenir en el <strong>resonante caso de Anabella<\/strong>, la joven que estuvo a punto de viajar a M\u00e9xico y <a href=\"https:\/\/cdnoticias.com\/index.php\/2021\/07\/12\/encontraron-a-anabela-persico-la-joven-desaparecida-en-tandil\/\" target=\"_blank\" rel=\"noopener\">se investiga si pudo haber sido v\u00edctima de una red de trata de personas<\/a>.<\/p>\n<p>&nbsp;<\/p>\n<blockquote><p>Sobrino, remarc\u00f3 que se pudo encontrar a la joven r\u00e1pidamente, porque \u201ctodos los actores que intervinieron hicieron lo que ten\u00edan que hacer\u201d.<\/p><\/blockquote>\n<p>&nbsp;<\/p>\n<p>Por su parte el Ayudante Fiscal Molinero fue el encargado de solicitar las primeras medidas, tendientes a \u201ccerrar todas las salidas posibles\u201d, <strong>hubo comunicaciones urgentes con personal de Migraciones, Interpol, y se emitieron alertas migratorias, con el fin de dar con la joven, se dio aviso a la Protex, un organismo que pertenece a la Procuradur\u00eda de la Naci\u00f3n<\/strong>.<\/p>\n<p>&nbsp;<\/p>\n<p><img data-recalc-dims=\"1\" loading=\"lazy\" decoding=\"async\" class=\"size-large wp-image-26672 aligncenter\" src=\"https:\/\/i0.wp.com\/cdnoticias.com\/wp-content\/uploads\/2021\/07\/caso-anabella.jpeg?resize=800%2C450&#038;ssl=1\" alt=\"\" width=\"800\" height=\"450\" srcset=\"https:\/\/i0.wp.com\/cdnoticias.com\/wp-content\/uploads\/2021\/07\/caso-anabella.jpeg?resize=1024%2C576&amp;ssl=1 1024w, https:\/\/i0.wp.com\/cdnoticias.com\/wp-content\/uploads\/2021\/07\/caso-anabella.jpeg?resize=300%2C169&amp;ssl=1 300w, https:\/\/i0.wp.com\/cdnoticias.com\/wp-content\/uploads\/2021\/07\/caso-anabella.jpeg?resize=768%2C432&amp;ssl=1 768w, https:\/\/i0.wp.com\/cdnoticias.com\/wp-content\/uploads\/2021\/07\/caso-anabella.jpeg?w=1152&amp;ssl=1 1152w\" sizes=\"auto, (max-width: 800px) 100vw, 800px\" \/><\/p>\n<p>&nbsp;<\/p>\n<p>Desde la Fiscal\u00eda General de Azul <strong>se puso en valor el \u201caviso a toda la red institucional\u201d<\/strong>.<\/p>\n<p>&nbsp;<\/p>\n<blockquote><p>En ese sentido, se hizo hincapi\u00e9 en el desempe\u00f1o de todas las dependencias que tomaron intervenci\u00f3n: \u201ceso se logr\u00f3 hacer con una gran predisposici\u00f3n del personal policial y hubo una respuesta enorme de los organismos de Buenos Aires. Ninguno se sac\u00f3 el lazo de encima y actuaron de forma inmediata\u201d, remarc\u00f3 el doctor Molinero.<\/p><\/blockquote>\n<p>&nbsp;<\/p>\n<p>Una vez que se dio intervenci\u00f3n a los organismos pertinentes, tambi\u00e9n <strong>se gir\u00f3 la investigaci\u00f3n a la Justicia Federal<\/strong> a cargo del Juez Federal N\u00b0. 1 de Azul Gabriel Di Giulio, que tom\u00f3 intervenci\u00f3n inmediata el s\u00e1bado por la noche.<\/p>\n<p>&nbsp;<\/p>\n<p>La desaparici\u00f3n de la joven se denunci\u00f3 durante el fin de semana pasado en la localidad de Tandil por parte de sus familiares y fue encontrada el lunes<\/p>\n","protected":false},"excerpt":{"rendered":"<p>El fiscal general del Departamento Azul valor\u00f3 la labor de la UFI 16 de Tandil y de la certera respuesta<\/p>\n","protected":false},"author":4,"featured_media":23555,"comment_status":"closed","ping_status":"closed","sticky":false,"template":"","format":"standard","meta":{"_jetpack_memberships_contains_paid_content":false,"footnotes":""},"categories":[14,1],"tags":[],"class_list":["post-26670","post","type-post","status-publish","format-standard","has-post-thumbnail","hentry","category-policiales","category-portada"],"jetpack_featured_media_url":"https:\/\/i0.wp.com\/cdnoticias.com\/wp-content\/uploads\/2021\/06\/WhatsApp-Image-2021-06-09-at-12.33.02-e1623875791980.jpeg?fit=1046%2C604&ssl=1","jetpack_sharing_enabled":true,"_links":{"self":[{"href":"https:\/\/cdnoticias.com\/index.php\/wp-json\/wp\/v2\/posts\/26670","targetHints":{"allow":["GET"]}}],"collection":[{"href":"https:\/\/cdnoticias.com\/index.php\/wp-json\/wp\/v2\/posts"}],"about":[{"href":"https:\/\/cdnoticias.com\/index.php\/wp-json\/wp\/v2\/types\/post"}],"author":[{"embeddable":true,"href":"https:\/\/cdnoticias.com\/index.php\/wp-json\/wp\/v2\/users\/4"}],"replies":[{"embeddable":true,"href":"https:\/\/cdnoticias.com\/index.php\/wp-json\/wp\/v2\/comments?post=26670"}],"version-history":[{"count":0,"href":"https:\/\/cdnoticias.com\/index.php\/wp-json\/wp\/v2\/posts\/26670\/revisions"}],"wp:featuredmedia":[{"embeddable":true,"href":"https:\/\/cdnoticias.com\/index.php\/wp-json\/wp\/v2\/media\/23555"}],"wp:attachment":[{"href":"https:\/\/cdnoticias.com\/index.php\/wp-json\/wp\/v2\/media?parent=26670"}],"wp:term":[{"taxonomy":"category","embeddable":true,"href":"https:\/\/cdnoticias.com\/index.php\/wp-json\/wp\/v2\/categories?post=26670"},{"taxonomy":"post_tag","embeddable":true,"href":"https:\/\/cdnoticias.com\/index.php\/wp-json\/wp\/v2\/tags?post=26670"}],"curies":[{"name":"wp","href":"https:\/\/api.w.org\/{rel}","templated":true}]}}