{"id":26665,"date":"2021-07-15T08:05:06","date_gmt":"2021-07-15T11:05:06","guid":{"rendered":"http:\/\/www.centraldenoticias.com.ar\/?p=26665"},"modified":"2021-07-15T08:05:06","modified_gmt":"2021-07-15T11:05:06","slug":"jorge-fabian-perez-chuno-q-e-p-d","status":"publish","type":"post","link":"https:\/\/cdnoticias.com\/index.php\/2021\/07\/15\/jorge-fabian-perez-chuno-q-e-p-d\/","title":{"rendered":"Jorge Fabian P\u00e9rez \u201cChuno\u201d (Q.E.P.D.)"},"content":{"rendered":"<p>Falleci\u00f3 en Olavarr\u00eda el d\u00eda 14 de julio de 2021 a los 60 a\u00f1os de edad.<\/p>\n<p>Su esposa Karina Alejandra Cardozo. Sus hijos Dami\u00e1n, Jorge y Fabi\u00e1n P\u00e9rez. Su hija pol\u00edtica Carolina De Luca. Sus nietas Abril y Clara. Su madre pol\u00edtica Elida del Carmen Lemos. Sus hermanas Maria Rosa y Maria Alicia P\u00e9rez. Sus sobrinos y dem\u00e1s deudos participan su fallecimiento.<\/p>\n<p>Velatorio: Espa\u00f1a 2942 departamento &#8220;D&#8221;, la sala se habilita a las 13:30 horas. Responso: Capilla ardiente. Inhumaci\u00f3n: Cementerio Loma de Paz, jueves 15 de julio a las 15:30 horas. Servicio adherido a Coopelectric.<\/p>\n<p>Vecino de Barrio San Carlos.<\/p>\n<p>Nacido en Olavarr\u00eda.<\/p>\n<p>Dedicado al rubro de la construcci\u00f3n.<\/p>\n","protected":false},"excerpt":{"rendered":"<p>Falleci\u00f3 en Olavarr\u00eda el d\u00eda 14 de julio de 2021 a los 60 a\u00f1os de edad. Su esposa Karina Alejandra<\/p>\n","protected":false},"author":4,"featured_media":0,"comment_status":"closed","ping_status":"closed","sticky":false,"template":"","format":"standard","meta":{"_jetpack_memberships_contains_paid_content":false,"footnotes":""},"categories":[10],"tags":[],"class_list":["post-26665","post","type-post","status-publish","format-standard","hentry","category-necrologicas"],"jetpack_featured_media_url":"","jetpack_sharing_enabled":true,"_links":{"self":[{"href":"https:\/\/cdnoticias.com\/index.php\/wp-json\/wp\/v2\/posts\/26665","targetHints":{"allow":["GET"]}}],"collection":[{"href":"https:\/\/cdnoticias.com\/index.php\/wp-json\/wp\/v2\/posts"}],"about":[{"href":"https:\/\/cdnoticias.com\/index.php\/wp-json\/wp\/v2\/types\/post"}],"author":[{"embeddable":true,"href":"https:\/\/cdnoticias.com\/index.php\/wp-json\/wp\/v2\/users\/4"}],"replies":[{"embeddable":true,"href":"https:\/\/cdnoticias.com\/index.php\/wp-json\/wp\/v2\/comments?post=26665"}],"version-history":[{"count":0,"href":"https:\/\/cdnoticias.com\/index.php\/wp-json\/wp\/v2\/posts\/26665\/revisions"}],"wp:attachment":[{"href":"https:\/\/cdnoticias.com\/index.php\/wp-json\/wp\/v2\/media?parent=26665"}],"wp:term":[{"taxonomy":"category","embeddable":true,"href":"https:\/\/cdnoticias.com\/index.php\/wp-json\/wp\/v2\/categories?post=26665"},{"taxonomy":"post_tag","embeddable":true,"href":"https:\/\/cdnoticias.com\/index.php\/wp-json\/wp\/v2\/tags?post=26665"}],"curies":[{"name":"wp","href":"https:\/\/api.w.org\/{rel}","templated":true}]}}