{"id":26655,"date":"2021-07-14T21:13:52","date_gmt":"2021-07-15T00:13:52","guid":{"rendered":"http:\/\/www.centraldenoticias.com.ar\/?p=26655"},"modified":"2021-07-14T21:13:52","modified_gmt":"2021-07-15T00:13:52","slug":"mas-de-1300-olavarrienses-fueron-vacunados-este-miercoles","status":"publish","type":"post","link":"https:\/\/cdnoticias.com\/index.php\/2021\/07\/14\/mas-de-1300-olavarrienses-fueron-vacunados-este-miercoles\/","title":{"rendered":"M\u00e1s de 1300 olavarrienses fueron vacunados este mi\u00e9rcoles"},"content":{"rendered":"<p>Contin\u00faa vigente la &#8220;vacunaci\u00f3n libre&#8221; en las cuatro postas locales.<!--more--><\/p>\n<hr \/>\n<p>Olavarr\u00eda ya es \u201cCiudad protegida\u201d y sigue vacunando de manera espont\u00e1nea a todos los mayores de 18 a\u00f1os, quienes <strong>pueden asistir con DNI y domicilio en el partido de Olavarr\u00eda y ser\u00e1n vacunados.<\/strong><\/p>\n<p>&nbsp;<\/p>\n<p>Este mi\u00e9rcoles en el Servicio Territorial 2 se aplicaron 184 dosis (172 primer componente, 12 segundo componente), en la Facultad de Ciencias de la Salud 590 (primer componente), en el Centro Cultural Universitario 140 (primer componente) y en la Mutual Carlos Alberto Moreno de Suteba 311 (primeras dosis). <strong>En total se aplicaron 1.225 dosis.<\/strong><\/p>\n<p>&nbsp;<\/p>\n<p><img data-recalc-dims=\"1\" loading=\"lazy\" decoding=\"async\" class=\"alignnone size-large wp-image-25805\" src=\"https:\/\/i0.wp.com\/cdnoticias.com\/wp-content\/uploads\/2021\/07\/vacunacion-18.jpg?resize=800%2C445&#038;ssl=1\" alt=\"\" width=\"800\" height=\"445\" srcset=\"https:\/\/i0.wp.com\/cdnoticias.com\/wp-content\/uploads\/2021\/07\/vacunacion-18.jpg?resize=1024%2C570&amp;ssl=1 1024w, https:\/\/i0.wp.com\/cdnoticias.com\/wp-content\/uploads\/2021\/07\/vacunacion-18.jpg?resize=300%2C167&amp;ssl=1 300w, https:\/\/i0.wp.com\/cdnoticias.com\/wp-content\/uploads\/2021\/07\/vacunacion-18.jpg?resize=768%2C427&amp;ssl=1 768w, https:\/\/i0.wp.com\/cdnoticias.com\/wp-content\/uploads\/2021\/07\/vacunacion-18.jpg?resize=800%2C445&amp;ssl=1 800w, https:\/\/i0.wp.com\/cdnoticias.com\/wp-content\/uploads\/2021\/07\/vacunacion-18.jpg?w=1600&amp;ssl=1 1600w, https:\/\/i0.wp.com\/cdnoticias.com\/wp-content\/uploads\/2021\/07\/vacunacion-18.jpg?w=2400&amp;ssl=1 2400w\" sizes=\"auto, (max-width: 800px) 100vw, 800px\" \/><\/p>\n<p>&nbsp;<\/p>\n<p>Adem\u00e1s la posta de vacunaci\u00f3n itinerante <strong>en Blanca Grande y en Recalde se aplicaron 91 dosis.\u00a0<\/strong><\/p>\n<p>&nbsp;<\/p>\n<p>Todas las personas interesadas en vacunarse deber\u00e1n acercarse <strong>a cualquiera de las 4 postas de vacunaci\u00f3n que est\u00e1n funcionando en simult\u00e1neo:\u00a0<\/strong><\/p>\n<p>Servicio Territorial 2, Av. Alberdi 2543, de 8 a 18.<\/p>\n<p>Facultad de Ciencias de la Salud, Pringles 4375 de 8 a 18.<\/p>\n<p>Centro Cultural Universitario, San Mart\u00edn 1955 de 8 a 18.<\/p>\n<p>Mutual Carlos Alberto Moreno de Suteba, Collinet al 4544, de 8 a 16.<\/p>\n","protected":false},"excerpt":{"rendered":"<p>Contin\u00faa vigente la &#8220;vacunaci\u00f3n libre&#8221; en las cuatro postas locales.<\/p>\n","protected":false},"author":3,"featured_media":25804,"comment_status":"closed","ping_status":"closed","sticky":false,"template":"","format":"standard","meta":{"_jetpack_memberships_contains_paid_content":false,"footnotes":""},"categories":[16],"tags":[],"class_list":["post-26655","post","type-post","status-publish","format-standard","has-post-thumbnail","hentry","category-covid-19"],"jetpack_featured_media_url":"https:\/\/i0.wp.com\/cdnoticias.com\/wp-content\/uploads\/2021\/07\/vacunacion-17.jpg?fit=4608%2C2563&ssl=1","jetpack_sharing_enabled":true,"_links":{"self":[{"href":"https:\/\/cdnoticias.com\/index.php\/wp-json\/wp\/v2\/posts\/26655","targetHints":{"allow":["GET"]}}],"collection":[{"href":"https:\/\/cdnoticias.com\/index.php\/wp-json\/wp\/v2\/posts"}],"about":[{"href":"https:\/\/cdnoticias.com\/index.php\/wp-json\/wp\/v2\/types\/post"}],"author":[{"embeddable":true,"href":"https:\/\/cdnoticias.com\/index.php\/wp-json\/wp\/v2\/users\/3"}],"replies":[{"embeddable":true,"href":"https:\/\/cdnoticias.com\/index.php\/wp-json\/wp\/v2\/comments?post=26655"}],"version-history":[{"count":0,"href":"https:\/\/cdnoticias.com\/index.php\/wp-json\/wp\/v2\/posts\/26655\/revisions"}],"wp:featuredmedia":[{"embeddable":true,"href":"https:\/\/cdnoticias.com\/index.php\/wp-json\/wp\/v2\/media\/25804"}],"wp:attachment":[{"href":"https:\/\/cdnoticias.com\/index.php\/wp-json\/wp\/v2\/media?parent=26655"}],"wp:term":[{"taxonomy":"category","embeddable":true,"href":"https:\/\/cdnoticias.com\/index.php\/wp-json\/wp\/v2\/categories?post=26655"},{"taxonomy":"post_tag","embeddable":true,"href":"https:\/\/cdnoticias.com\/index.php\/wp-json\/wp\/v2\/tags?post=26655"}],"curies":[{"name":"wp","href":"https:\/\/api.w.org\/{rel}","templated":true}]}}