{"id":26644,"date":"2021-07-14T19:03:48","date_gmt":"2021-07-14T22:03:48","guid":{"rendered":"http:\/\/www.centraldenoticias.com.ar\/?p=26644"},"modified":"2021-07-14T19:52:56","modified_gmt":"2021-07-14T22:52:56","slug":"acompanamos-la-demanda-de-los-vecinos-de-sierras-bayas-y-colonia-san-miguel-de-un-medico-generalista","status":"publish","type":"post","link":"https:\/\/cdnoticias.com\/index.php\/2021\/07\/14\/acompanamos-la-demanda-de-los-vecinos-de-sierras-bayas-y-colonia-san-miguel-de-un-medico-generalista\/","title":{"rendered":"\u201cAcompa\u00f1amos la demanda de los vecinos de Sierras Bayas y Colonia San Miguel de un m\u00e9dico generalista&#8221;"},"content":{"rendered":"<p>As\u00ed se proclamaron en las \u00faltimas horas desde el Foro Olavarr\u00eda, en apoyo al reclamo de las localidades.<!--more--><\/p>\n<hr \/>\n<p>En las \u00faltimas horas el bloque Foro Olavarr\u00eda hizo p\u00fablico el acompa\u00f1amiento a los<strong> vecinos de Sierras Bayas y Colonia San Miguel, ante el reclamo al Intendente Municipal para que el Hospital Municipal y la Unidad Sanitaria de las localidades cuenten con un m\u00e9dico generalista.<\/strong><\/p>\n<p>&nbsp;<\/p>\n<p>De acuerdo con lo que se precis\u00f3, en la ma\u00f1ana del mi\u00e9rcoles el concejal Eduardo Rodr\u00edguez, junto a la integrante del Foro Olavarr\u00eda, Cintia Abrisqueta, <strong>visitaron la localidad de Sierras Bayas para concurrir al Hospital Municipal y constatar las demandas que vienen planteando los vecinos.<\/strong><\/p>\n<p>&nbsp;<\/p>\n<blockquote><p>\u201cPor lo que pudimos comprobar en la visita de esta ma\u00f1ana, en el Hospital de Sierras Bayas los vecinos tampoco pueden tramitar su carnet hospitalario y deben viajar a Olavarr\u00eda para hacerlo\u201d sostuvo el concejal Rodr\u00edguez.<\/p><\/blockquote>\n<p>&nbsp;<\/p>\n<p><strong>\u201cEn el Hospital de Sierras Bayas y en la Unidad de Atenci\u00f3n Primaria de Colonia San Miguel no hay atenci\u00f3n de un m\u00e9dico generalista\u201d<\/strong> dijo el concejal Rodr\u00edguez, en coincidencia con los reclamos de los vecinos. \u201cEn el Hospital de Sierras Bayas hay dificultades para cubrir las guardias m\u00e9dicas, que solo atienden la urgencia\u201d, sostuvo el concejal. Profundizando en las problem\u00e1ticas planteadas por los vecinos de la localidad de Sierras Bayas, Rodr\u00edguez explic\u00f3 que \u201cel Hospital no cuenta con un m\u00e9dico cl\u00ednico para la atenci\u00f3n de las personas por lo que deben trasladarse al Hospital Municipal \u2018Dr. Hector M. Cura\u2019 de Olavarr\u00eda para ser atendidas\u201d.<\/p>\n<p>&nbsp;<\/p>\n<p>Por su parte, en Colonia San Miguel, la Unidad de Atenci\u00f3n Primaria s\u00f3lo cuenta una enfermera y,seg\u00fan se subray\u00f3 desde el espacio,\u00a0<strong>desde hace tiempo los vecinos de la Colonia vienen reclamando la presencia al menos de una vez a la semana de un m\u00e9dico.<\/strong><\/p>\n<p>&nbsp;<\/p>\n<p><img data-recalc-dims=\"1\" loading=\"lazy\" decoding=\"async\" class=\"alignnone size-full wp-image-26645\" src=\"https:\/\/i0.wp.com\/cdnoticias.com\/wp-content\/uploads\/2021\/07\/Hospital-Sierras-Bayas.jpeg?resize=698%2C444&#038;ssl=1\" alt=\"\" width=\"698\" height=\"444\" srcset=\"https:\/\/i0.wp.com\/cdnoticias.com\/wp-content\/uploads\/2021\/07\/Hospital-Sierras-Bayas.jpeg?w=698&amp;ssl=1 698w, https:\/\/i0.wp.com\/cdnoticias.com\/wp-content\/uploads\/2021\/07\/Hospital-Sierras-Bayas.jpeg?resize=300%2C191&amp;ssl=1 300w\" sizes=\"auto, (max-width: 698px) 100vw, 698px\" \/><\/p>\n<p>&nbsp;<\/p>\n<p><strong>\u201cEntendemos que son dos comunidades importantes de nuestro Partido, con un gran movimiento productivo y una poblaci\u00f3n que se siente postergada en un derecho b\u00e1sico como es la atenci\u00f3n de la salud\u201d<\/strong>, concluy\u00f3 Rodr\u00edguez.<\/p>\n<p>&nbsp;<\/p>\n<p>Por su parte, la Concejala In\u00e9s Creimer expres\u00f3 que \u201cel Concejo Deliberante ha tratado en varias oportunidades estos problemas en las localidades\u201d y se\u00f1al\u00f3 que <strong>\u201cvamos a reiterar la solicitud al Departamento Ejecutivo Municipal\u00a0 para que arbitre los medios y hechos necesarios a fin de garantizar la presencia de un m\u00e9dico generalista en el Hospital de Sierras Bayas y en la localidad de Colonia San Miguel\u201d<\/strong><\/p>\n","protected":false},"excerpt":{"rendered":"<p>As\u00ed se proclamaron en las \u00faltimas horas desde el Foro Olavarr\u00eda, en apoyo al reclamo de las localidades.<\/p>\n","protected":false},"author":3,"featured_media":26646,"comment_status":"closed","ping_status":"closed","sticky":false,"template":"","format":"standard","meta":{"_jetpack_memberships_contains_paid_content":false,"footnotes":""},"categories":[5,1],"tags":[],"class_list":["post-26644","post","type-post","status-publish","format-standard","has-post-thumbnail","hentry","category-informacion-general","category-portada"],"jetpack_featured_media_url":"https:\/\/i0.wp.com\/cdnoticias.com\/wp-content\/uploads\/2021\/07\/Rodr%C3%ADguez-Abrisqueta.jpeg?fit=720%2C467&ssl=1","jetpack_sharing_enabled":true,"_links":{"self":[{"href":"https:\/\/cdnoticias.com\/index.php\/wp-json\/wp\/v2\/posts\/26644","targetHints":{"allow":["GET"]}}],"collection":[{"href":"https:\/\/cdnoticias.com\/index.php\/wp-json\/wp\/v2\/posts"}],"about":[{"href":"https:\/\/cdnoticias.com\/index.php\/wp-json\/wp\/v2\/types\/post"}],"author":[{"embeddable":true,"href":"https:\/\/cdnoticias.com\/index.php\/wp-json\/wp\/v2\/users\/3"}],"replies":[{"embeddable":true,"href":"https:\/\/cdnoticias.com\/index.php\/wp-json\/wp\/v2\/comments?post=26644"}],"version-history":[{"count":0,"href":"https:\/\/cdnoticias.com\/index.php\/wp-json\/wp\/v2\/posts\/26644\/revisions"}],"wp:featuredmedia":[{"embeddable":true,"href":"https:\/\/cdnoticias.com\/index.php\/wp-json\/wp\/v2\/media\/26646"}],"wp:attachment":[{"href":"https:\/\/cdnoticias.com\/index.php\/wp-json\/wp\/v2\/media?parent=26644"}],"wp:term":[{"taxonomy":"category","embeddable":true,"href":"https:\/\/cdnoticias.com\/index.php\/wp-json\/wp\/v2\/categories?post=26644"},{"taxonomy":"post_tag","embeddable":true,"href":"https:\/\/cdnoticias.com\/index.php\/wp-json\/wp\/v2\/tags?post=26644"}],"curies":[{"name":"wp","href":"https:\/\/api.w.org\/{rel}","templated":true}]}}