{"id":26620,"date":"2021-07-14T17:51:58","date_gmt":"2021-07-14T20:51:58","guid":{"rendered":"http:\/\/www.centraldenoticias.com.ar\/?p=26620"},"modified":"2021-07-14T17:51:58","modified_gmt":"2021-07-14T20:51:58","slug":"nuevos-espectaculos-en-el-teatro-municipal","status":"publish","type":"post","link":"https:\/\/cdnoticias.com\/index.php\/2021\/07\/14\/nuevos-espectaculos-en-el-teatro-municipal\/","title":{"rendered":"Nuevos espect\u00e1culos en el Teatro Municipal"},"content":{"rendered":"<p>Se dieron a conocer los espect\u00e1culos previstos para este mes. Las entradas pueden adquirirse en la boleter\u00eda del teatro de martes a viernes de 08:00 a 12:00.<\/p>\n<p><!--more--><\/p>\n<hr \/>\n<p>&nbsp;<\/p>\n<p>El <strong>Teatro Municipal<\/strong> dio a conocer los <strong>espect\u00e1culos previstos para este mes<\/strong> y cuyas propuestas incluyen <strong>obras infantiles, cine para toda la familia y veladas musicales.<\/strong><\/p>\n<p>&nbsp;<\/p>\n<p>Las entradas pueden adquirirse en la <strong>boleter\u00eda del teatro<\/strong>\u00a0de <strong>martes a viernes de 08:00 a 12:00<\/strong>.<\/p>\n<p>&nbsp;<\/p>\n<p><strong>Propuestas<\/strong><\/p>\n<p>&nbsp;<\/p>\n<p><strong>Viernes 23 de julio a las 19:30<\/strong>: Juli Bibiloni y Uruguayas D\u00fao (Sof\u00eda Ar\u00e9valo y Alma Martinengo) <strong>Entrada libre y gratuita.<\/strong><\/p>\n<p>&nbsp;<\/p>\n<p><strong>S\u00e1bado 24 de julio a las \u00a016:00<\/strong>: La Aventura de Guille. <strong>Entrada general $350. Venta en efectivo.<\/strong><\/p>\n<p>&nbsp;<\/p>\n<p><strong>Domingo 25 de julio a las 16:00:<\/strong> Cine en Vacaciones: Pel\u00edcula \u201cEl Patalarga\u201d. <strong>Entrada gratuita.<\/strong><\/p>\n<p>&nbsp;<\/p>\n<p><strong>S\u00e1bado 31 a las \u00a016:00:<\/strong> Cine en Vacaciones: Pel\u00edcula \u201cEl libro de Lila\u201d.\u00a0<strong>Entrada libre y gratuita.<\/strong><\/p>\n<p>&nbsp;<\/p>\n<p><strong>Domingo 1\u00b0 de agosto\u00a0 a las 16:00:<\/strong> Cine en Vacaciones: Pel\u00edcula \u201cEl gigante ego\u00edsta\u201d.\u00a0<strong>Entrada \u00a0libre y gratuita.<\/strong><\/p>\n<p>&nbsp;<\/p>\n","protected":false},"excerpt":{"rendered":"<p>Se dieron a conocer los espect\u00e1culos previstos para este mes. Las entradas pueden adquirirse en la boleter\u00eda del teatro de<\/p>\n","protected":false},"author":6,"featured_media":0,"comment_status":"closed","ping_status":"closed","sticky":false,"template":"","format":"standard","meta":{"_jetpack_memberships_contains_paid_content":false,"footnotes":""},"categories":[9,1],"tags":[],"class_list":["post-26620","post","type-post","status-publish","format-standard","hentry","category-cultura","category-portada"],"jetpack_featured_media_url":"","jetpack_sharing_enabled":true,"_links":{"self":[{"href":"https:\/\/cdnoticias.com\/index.php\/wp-json\/wp\/v2\/posts\/26620","targetHints":{"allow":["GET"]}}],"collection":[{"href":"https:\/\/cdnoticias.com\/index.php\/wp-json\/wp\/v2\/posts"}],"about":[{"href":"https:\/\/cdnoticias.com\/index.php\/wp-json\/wp\/v2\/types\/post"}],"author":[{"embeddable":true,"href":"https:\/\/cdnoticias.com\/index.php\/wp-json\/wp\/v2\/users\/6"}],"replies":[{"embeddable":true,"href":"https:\/\/cdnoticias.com\/index.php\/wp-json\/wp\/v2\/comments?post=26620"}],"version-history":[{"count":0,"href":"https:\/\/cdnoticias.com\/index.php\/wp-json\/wp\/v2\/posts\/26620\/revisions"}],"wp:attachment":[{"href":"https:\/\/cdnoticias.com\/index.php\/wp-json\/wp\/v2\/media?parent=26620"}],"wp:term":[{"taxonomy":"category","embeddable":true,"href":"https:\/\/cdnoticias.com\/index.php\/wp-json\/wp\/v2\/categories?post=26620"},{"taxonomy":"post_tag","embeddable":true,"href":"https:\/\/cdnoticias.com\/index.php\/wp-json\/wp\/v2\/tags?post=26620"}],"curies":[{"name":"wp","href":"https:\/\/api.w.org\/{rel}","templated":true}]}}