{"id":26598,"date":"2021-07-14T16:09:08","date_gmt":"2021-07-14T19:09:08","guid":{"rendered":"http:\/\/www.centraldenoticias.com.ar\/?p=26598"},"modified":"2021-07-14T16:09:08","modified_gmt":"2021-07-14T19:09:08","slug":"referentes-del-foro-olavarria-se-reunieron-con-sergio-massa","status":"publish","type":"post","link":"https:\/\/cdnoticias.com\/index.php\/2021\/07\/14\/referentes-del-foro-olavarria-se-reunieron-con-sergio-massa\/","title":{"rendered":"Referentes del Foro Olavarr\u00eda se reunieron con Sergio Massa"},"content":{"rendered":"<p>El encuentro se llev\u00f3 a cabo en la C\u00e1mara de Diputados de la Naci\u00f3n, donde viajaron los concejales Eduardo Rodr\u00edguez e In\u00e9s Creimer, adem\u00e1s de Gast\u00f3n Sarachu, titular de la oficina local de la CNRT.<!--more--><\/p>\n<hr \/>\n<p>D\u00edas atr\u00e1s Sergio Massa recibi\u00f3 en la C\u00e1mara de Diputados de la Naci\u00f3n a los<strong> concejales del Foro Olavarr\u00eda-Frente Renovador, In\u00e9s Creimer y Eduardo Rodr\u00edguez, y a Gast\u00f3n Sarachu, subdelegado de la CNRT Olavarr\u00eda.<\/strong><\/p>\n<p>&nbsp;<\/p>\n<p>De acuerdo con lo que se relat\u00f3, el encuentro tuvo una duraci\u00f3n de aproximadamente una hora en la que el l\u00edder del Frente Renovador reafirm\u00f3 la importancia de la gesti\u00f3n del Gobierno Nacional para la recuperaci\u00f3n de la Argentina. Al respecto, Gast\u00f3n Sarachu indic\u00f3 que Sergio Massa afirm\u00f3 que<strong> \u201ces central que la econom\u00eda crezca con m\u00e1s producci\u00f3n y trabajo\u201d.<\/strong><\/p>\n<p>&nbsp;<\/p>\n<p>El referente local de la CNRT agreg\u00f3 que <strong>\u201centendemos que los planes sociales son una gran ayuda para mucha gente en situaci\u00f3n de vulnerabilidad, pero deben ser reforzadas con otras herramientas como contraprestaciones laborales y terminalidad educativa\u201d<\/strong>.<\/p>\n<p>&nbsp;<\/p>\n<p>Durante el encuentro Sergio Massa fue contundente al afirmar que <strong>\u201chay que recuperar el poder el poder de compra de los salarios\u201d<\/strong>, ya que luego explic\u00f3 que \u201cel 70% del PBI es consumo interno\u201d y recalc\u00f3 al mismo tiempo la necesidad de promover la inversi\u00f3n y las exportaciones.<\/p>\n<p>&nbsp;<\/p>\n<p>Sarachu destac\u00f3 los proyectos de modificaci\u00f3n al Impuesto a las Ganancias y al Monotributo, impulsados por Sergio Massa y el bloque de Diputados del Frente de Todos. Al respecto, explic\u00f3 que \u201clo que se busca es cuidar el bolsillo de los y las trabajadoras\u201d. \u201cPara ello, <strong>es importante ganarle a la inflaci\u00f3n con medidas que traen un gran alivio fiscal para m\u00e1s de un mill\u00f3n de personas, como as\u00ed tambi\u00e9n actualizando el monto de monotributo que beneficia a otros 4 millones de contribuyentes\u201d<\/strong>, se\u00f1al\u00f3 Sarachu, quien concluy\u00f3 que \u201ccon Sergio (Massa) reafirmamos la importancia y consolidaci\u00f3n del trabajo del Frente de Todos, con unidad en la diversidad\u201d.<\/p>\n","protected":false},"excerpt":{"rendered":"<p>El encuentro se llev\u00f3 a cabo en la C\u00e1mara de Diputados de la Naci\u00f3n, donde viajaron los concejales Eduardo Rodr\u00edguez<\/p>\n","protected":false},"author":3,"featured_media":26600,"comment_status":"closed","ping_status":"closed","sticky":false,"template":"","format":"standard","meta":{"_jetpack_memberships_contains_paid_content":false,"footnotes":""},"categories":[4,1],"tags":[],"class_list":["post-26598","post","type-post","status-publish","format-standard","has-post-thumbnail","hentry","category-politica","category-portada"],"jetpack_featured_media_url":"https:\/\/i0.wp.com\/cdnoticias.com\/wp-content\/uploads\/2021\/07\/Sarachu-Massa.jpg?fit=800%2C500&ssl=1","jetpack_sharing_enabled":true,"_links":{"self":[{"href":"https:\/\/cdnoticias.com\/index.php\/wp-json\/wp\/v2\/posts\/26598","targetHints":{"allow":["GET"]}}],"collection":[{"href":"https:\/\/cdnoticias.com\/index.php\/wp-json\/wp\/v2\/posts"}],"about":[{"href":"https:\/\/cdnoticias.com\/index.php\/wp-json\/wp\/v2\/types\/post"}],"author":[{"embeddable":true,"href":"https:\/\/cdnoticias.com\/index.php\/wp-json\/wp\/v2\/users\/3"}],"replies":[{"embeddable":true,"href":"https:\/\/cdnoticias.com\/index.php\/wp-json\/wp\/v2\/comments?post=26598"}],"version-history":[{"count":0,"href":"https:\/\/cdnoticias.com\/index.php\/wp-json\/wp\/v2\/posts\/26598\/revisions"}],"wp:featuredmedia":[{"embeddable":true,"href":"https:\/\/cdnoticias.com\/index.php\/wp-json\/wp\/v2\/media\/26600"}],"wp:attachment":[{"href":"https:\/\/cdnoticias.com\/index.php\/wp-json\/wp\/v2\/media?parent=26598"}],"wp:term":[{"taxonomy":"category","embeddable":true,"href":"https:\/\/cdnoticias.com\/index.php\/wp-json\/wp\/v2\/categories?post=26598"},{"taxonomy":"post_tag","embeddable":true,"href":"https:\/\/cdnoticias.com\/index.php\/wp-json\/wp\/v2\/tags?post=26598"}],"curies":[{"name":"wp","href":"https:\/\/api.w.org\/{rel}","templated":true}]}}